{"id":297,"date":"2019-06-11T10:07:59","date_gmt":"2019-06-11T10:07:59","guid":{"rendered":"https:\/\/factum-omibu.es\/walkin\/?p=8023"},"modified":"2023-01-18T16:41:27","modified_gmt":"2023-01-18T16:41:27","slug":"verano-granada-procesion-corpus","status":"publish","type":"post","link":"https:\/\/walkingranada.com\/pt\/verano-granada-procesion-corpus\/","title":{"rendered":"ACTIVIDADE PRIMAVERIL DE VER\u00c3O EM GRANADA"},"content":{"rendered":"<p class=\"western\">Cada junio llega a Granada una nueva edici\u00f3n de la Feria del Corpus Christi, sin duda uno de los eventos con m\u00e1s historia en Granada, parte de nuestras tradiciones m\u00e1s arraigadas.<\/p>\n<p class=\"western\">En palabras del pregonero de la Feria de 2015, Cesar Gir\u00f3n, \u201cuna fiesta de sol, de luz, alegr\u00eda, m\u00fasica popular, sano divertimento, devoci\u00f3n, costumbre, creencias, historia\u201d\u2026<\/p>\n<p class=\"western\">Y as\u00ed es, siete d\u00edas de festejos para los que la ciudad prepara sus mejores galas; calles y balcones engalanados de m\u00fasica y color, la tradicional Procesi\u00f3n del Jueves del Corpus Christi con sus alfombras de plantas y aire de incienso, festividad entorno a la que se cre\u00f3 esta populosa feria; el desfile de la Tarasca pero tambi\u00e9n el recinto del ferial, con sus atracciones y casetas, un lugar que sue\u00f1a de d\u00eda y se crece de noche!<\/p>\n<h2 class=\"western\">Imprescindibles de la Feria del Corpus en Granada<\/h2>\n<h3 class=\"western\">La Procesi\u00f3n del Corpus Christi<\/h3>\n<p><img decoding=\"async\" loading=\"lazy\" class=\"aligncenter wp-image-8031 size-large\" title=\"Procesi\u00f3n Corpus Christi Granada\" src=\"https:\/\/walkingranada.com\/wp-content\/uploads\/2019\/06\/Corpus-1024x575.jpg.webp\" alt=\"Procesi\u00f3n Corpus Christi Granada\" width=\"100%\" \/><\/p>\n<p class=\"western\">A<strong> festividad del Corpus Christi<\/strong> nace a nivel mundial en el siglo XIII y fue tras la Reconquista cuando es instaurada por los mismos Reyes Cat\u00f3licos en Granada. Ya en el mismo siglo XVI se convertir\u00eda en una celebraci\u00f3n de siete d\u00edas y as\u00ed, salvo en algunos periodos de la historia, ha sido hasta nuestros d\u00edas.<\/p>\n<p class=\"western\">Cada jueves el Sant\u00edsimo Sacramento del Altar preside las calles de la ciudad, carreteras arropadas con las tradicionales juncias, hierbas esparcidas como mentas, tr\u00e9boles y romeros reci\u00e9n cortados. Para completar el aroma del <strong>Corpus<\/strong>, la custodia es precedida por el tradicional incienso, olor al recogimiento de esta festividad cristiana.<\/p>\n<h3 class=\"western\">Ruta Olfativa durante el Corpus<\/h3>\n<p class=\"western\">La procesi\u00f3n recorre las principales calles del centro hist\u00f3rico, calles que se cubren con grandes lonas que cobijan a los granadinos de las temperaturas pre-veraniegas. Hermandades y asociaciones preparan Altares ef\u00edmeros en honor al \u201cSant\u00edsimo Sacramento del Altar\u201d y en los locales los empresarios decoran sus escaparates.<\/p>\n<p class=\"western\">Comenzando en la Catedral, son tantas las personas que acompa\u00f1an en el cortejo de la procesi\u00f3n que cuando el paso del Corpus abandona el Templo Catedralicio, el cortejo est\u00e1 casi entrando ya en el mismo.<\/p>\n<h3 class=\"western\">La Tarasca<\/h3>\n<p><img decoding=\"async\" loading=\"lazy\" class=\"aligncenter wp-image-8029 size-full\" title=\"Tarasca de Granada\" src=\"https:\/\/walkingranada.com\/wp-content\/uploads\/2019\/06\/Tarasca.jpg.webp\" alt=\"Tarasca de Granada\" width=\"100%\" \/><\/p>\n<p class=\"western\">Cada mi\u00e9rcoles, por la ma\u00f1ana, se celebra el <strong>desfile de La Tarasca<\/strong>, gigantes representando a los reyes musulmanes y cristianos, cabezudos de figuras tradicionales granadinas como C<span style=\"color: #333333;\">horrojumo, el negrito, la abuela, el chino, el bandolero y el torero<\/span>, m\u00fasica y como no, la Tarasca, donde un maniqu\u00ed cabalga sobre un drag\u00f3n mitol\u00f3gico. La leyenda hac\u00eda referencia a Santa Marta, aunque en Granada es un maniqu\u00ed que cada a\u00f1o es vestido por un dise\u00f1ador granadino distinto, con las tendencias de ese a\u00f1o, aunque es muy esperada, tambi\u00e9n suele ser muy criticada, nunca hay consenso y de ah\u00ed nacen dichos como el de \u201cvas m\u00e1s fea que la Tarasca\u201d.<\/p>\n<p class=\"western\">Aunque la celebraci\u00f3n es originaria de Francia, de Tarasc\u00f3n, la P\u00fablica de las fiestas del Corpus fue otra de las tradiciones tra\u00eddas por los Reyes Cat\u00f3licos.<\/p>\n<h3 class=\"western\">El Ferial<\/h3>\n<p><img decoding=\"async\" loading=\"lazy\" class=\"aligncenter wp-image-8026 size-full\" title=\"feria Granada\" src=\"https:\/\/walkingranada.com\/wp-content\/uploads\/2019\/06\/Feria-atracciones.jpg.webp\" alt=\"feria Granada\" width=\"100%\" \/><\/p>\n<p class=\"western\">Cuando finalizan las principales celebraciones del centro, Granada se traslada al recinto del ferial. Una fusi\u00f3n de tradici\u00f3n, casetas, muchas de ellas p\u00fablicas, otras, las que menos, privadas; coches de caballos, trajes de flamenca, sevillanas\u2026 Todo ello junto con m\u00e1s de 170 atracciones, \u00a1creando un gran parque de atracciones folcl\u00f3rico que solo se vive una vez al a\u00f1o!<\/p>\n<p class=\"western\">Para llegar al recinto, podr\u00e1s coger autobuses desde el centro de la ciudad que el Ayuntamiento ofrece de forma extraordinaria, en ocasiones algunas l\u00edneas finalizan el servicio a las 6 de la ma\u00f1ana, habiendo comenzado a la 1:00 PM.<\/p>\n<p><img decoding=\"async\" loading=\"lazy\" class=\"aligncenter wp-image-8032 size-large\" title=\"Feria Granada\" src=\"https:\/\/walkingranada.com\/wp-content\/uploads\/2019\/06\/Feria-Caseta-1-1024x685.jpg.webp\" alt=\"Feria Granada\" width=\"100%\" \/><\/p>\n<h3 class=\"western\">Las Carocas de Plaza de BIB-Rambla<\/h3>\n<p><img decoding=\"async\" loading=\"lazy\" class=\"aligncenter wp-image-8038 size-full\" title=\"Carocas de Granada\" src=\"https:\/\/walkingranada.com\/wp-content\/uploads\/2019\/06\/carocasgranada.jpg.webp\" alt=\"Carocas de Granada\" width=\"100%\" \/><\/p>\n<p class=\"western\">Por \u00faltimo, no te pierdas esta tradici\u00f3n que se repite en esta plaza emblem\u00e1tica de la ciudad, la de<strong> Bibarambla<\/strong>, las Carocas. Estas son dibujos que ofrecen reivindicaciones en tono gracioso de las problem\u00e1ticas actuales para los granadinos, unos 20 dibujos son los escogidos por el mismo Ayuntamiento para presidir la plaza cada a\u00f1o.<\/p>\n<p class=\"western\">\u00a1Y mucho m\u00e1s! Un sinf\u00edn de actividades engrosar\u00e1n la lista para que puedas aprovechar esta semana tan importante para los granadinos. \u00a1Recuerda! Si vas a visitar la ciudad, intenta reservar tus entradas para la Alhambra, tu transporte y por supuesto, tus rutas con antelaci\u00f3n, Granada se encuentra en plena expansi\u00f3n tur\u00edstica, \u00a1aseg\u00farate de no perderte nada!<\/p>\n<p class=\"western\">","protected":false},"excerpt":{"rendered":"<p>Cada junio llega a Granada una nueva edici\u00f3n de la Feria del Corpus Christi, sin duda uno de los eventos con m\u00e1s historia en Granada, parte de nuestras tradiciones m\u00e1s arraigadas. En palabras del pregonero de la Feria de 2015, Cesar Gir\u00f3n, \u201cuna fiesta de sol, de luz, alegr\u00eda, m\u00fasica popular, sano divertimento, devoci\u00f3n, costumbre, &#8230; <a title=\"ACTIVIDADE PRIMAVERIL DE VER\u00c3O EM GRANADA\" class=\"read-more\" href=\"https:\/\/walkingranada.com\/pt\/verano-granada-procesion-corpus\/\" aria-label=\"Leia mais sobre ACTIVIDAD PRIMAVERA VERANO EN GRANADA\">Ler mais<\/a><\/p>","protected":false},"author":2,"featured_media":303,"comment_status":"closed","ping_status":"open","sticky":false,"template":"","format":"standard","meta":{"footnotes":""},"categories":[5,6],"tags":[],"class_list":["post-297","post","type-post","status-publish","format-standard","has-post-thumbnail","hentry","category-blog-espanol","category-guias-de-viaje"],"yoast_head":"<!-- This site is optimized with the Yoast SEO plugin v27.5 - https:\/\/yoast.com\/product\/yoast-seo-wordpress\/ -->\n<title>ACTIVIDAD EN EL VERANO DE GRANADA. \ud83c\udf1e EL CORPUS CHRISTI<\/title>\n<meta name=\"description\" content=\"Una de las tradiciones imprescindibles de Granada, el Corpus Christi y la Tarasca. Pasa un d\u00eda a lo grande en el recinto ferial. \ud83c\udfa0\" \/>\n<meta name=\"robots\" content=\"index, follow, max-snippet:-1, max-image-preview:large, max-video-preview:-1\" \/>\n<link rel=\"canonical\" href=\"https:\/\/walkingranada.com\/pt\/verano-granada-procesion-corpus\/\" \/>\n<meta property=\"og:locale\" content=\"pt_PT\" \/>\n<meta property=\"og:type\" content=\"article\" \/>\n<meta property=\"og:title\" content=\"ACTIVIDAD EN EL VERANO DE GRANADA. \ud83c\udf1e EL CORPUS CHRISTI\" \/>\n<meta property=\"og:description\" content=\"Una de las tradiciones imprescindibles de Granada, el Corpus Christi y la Tarasca. Pasa un d\u00eda a lo grande en el recinto ferial. \ud83c\udfa0\" \/>\n<meta property=\"og:url\" content=\"https:\/\/walkingranada.com\/pt\/verano-granada-procesion-corpus\/\" \/>\n<meta property=\"og:site_name\" content=\"Walk in Granada\" \/>\n<meta property=\"article:publisher\" content=\"https:\/\/es-es.facebook.com\/walkingranadatour\/\" \/>\n<meta property=\"article:published_time\" content=\"2019-06-11T10:07:59+00:00\" \/>\n<meta property=\"article:modified_time\" content=\"2023-01-18T16:41:27+00:00\" \/>\n<meta property=\"og:image\" content=\"https:\/\/walkingranada.com\/wp-content\/uploads\/2019\/06\/Corpus.jpg.webp\" \/>\n\t<meta property=\"og:image:width\" content=\"1500\" \/>\n\t<meta property=\"og:image:height\" content=\"843\" \/>\n\t<meta property=\"og:image:type\" content=\"image\/jpeg\" \/>\n<meta name=\"author\" content=\"info@walkingranada.com\" \/>\n<meta name=\"twitter:card\" content=\"summary_large_image\" \/>\n<meta name=\"twitter:creator\" content=\"@walkingranada\" \/>\n<meta name=\"twitter:site\" content=\"@walkingranada\" \/>\n<meta name=\"twitter:label1\" content=\"Escrito por\" \/>\n\t<meta name=\"twitter:data1\" content=\"info@walkingranada.com\" \/>\n\t<meta name=\"twitter:label2\" content=\"Tempo estimado de leitura\" \/>\n\t<meta name=\"twitter:data2\" content=\"5 minutos\" \/>\n<script type=\"application\/ld+json\" class=\"yoast-schema-graph\">{\"@context\":\"https:\\\/\\\/schema.org\",\"@graph\":[{\"@type\":\"Article\",\"@id\":\"https:\\\/\\\/walkingranada.com\\\/verano-granada-procesion-corpus\\\/#article\",\"isPartOf\":{\"@id\":\"https:\\\/\\\/walkingranada.com\\\/verano-granada-procesion-corpus\\\/\"},\"author\":{\"name\":\"info@walkingranada.com\",\"@id\":\"https:\\\/\\\/walkingranada.com\\\/#\\\/schema\\\/person\\\/0e703a18132a7470a6994423f7b21921\"},\"headline\":\"ACTIVIDAD PRIMAVERA VERANO EN GRANADA\",\"datePublished\":\"2019-06-11T10:07:59+00:00\",\"dateModified\":\"2023-01-18T16:41:27+00:00\",\"mainEntityOfPage\":{\"@id\":\"https:\\\/\\\/walkingranada.com\\\/verano-granada-procesion-corpus\\\/\"},\"wordCount\":754,\"publisher\":{\"@id\":\"https:\\\/\\\/walkingranada.com\\\/#organization\"},\"image\":{\"@id\":\"https:\\\/\\\/walkingranada.com\\\/verano-granada-procesion-corpus\\\/#primaryimage\"},\"thumbnailUrl\":\"https:\\\/\\\/walkingranada.com\\\/wp-content\\\/uploads\\\/2019\\\/06\\\/Corpus.jpg.webp\",\"articleSection\":[\"Blog-espa\u00f1ol\",\"Gu\u00edas de viaje\"],\"inLanguage\":\"pt-PT\"},{\"@type\":\"WebPage\",\"@id\":\"https:\\\/\\\/walkingranada.com\\\/verano-granada-procesion-corpus\\\/\",\"url\":\"https:\\\/\\\/walkingranada.com\\\/verano-granada-procesion-corpus\\\/\",\"name\":\"ACTIVIDAD EN EL VERANO DE GRANADA. \ud83c\udf1e EL CORPUS CHRISTI\",\"isPartOf\":{\"@id\":\"https:\\\/\\\/walkingranada.com\\\/#website\"},\"primaryImageOfPage\":{\"@id\":\"https:\\\/\\\/walkingranada.com\\\/verano-granada-procesion-corpus\\\/#primaryimage\"},\"image\":{\"@id\":\"https:\\\/\\\/walkingranada.com\\\/verano-granada-procesion-corpus\\\/#primaryimage\"},\"thumbnailUrl\":\"https:\\\/\\\/walkingranada.com\\\/wp-content\\\/uploads\\\/2019\\\/06\\\/Corpus.jpg.webp\",\"datePublished\":\"2019-06-11T10:07:59+00:00\",\"dateModified\":\"2023-01-18T16:41:27+00:00\",\"description\":\"Una de las tradiciones imprescindibles de Granada, el Corpus Christi y la Tarasca. Pasa un d\u00eda a lo grande en el recinto ferial. \ud83c\udfa0\",\"breadcrumb\":{\"@id\":\"https:\\\/\\\/walkingranada.com\\\/verano-granada-procesion-corpus\\\/#breadcrumb\"},\"inLanguage\":\"pt-PT\",\"potentialAction\":[{\"@type\":\"ReadAction\",\"target\":[\"https:\\\/\\\/walkingranada.com\\\/verano-granada-procesion-corpus\\\/\"]}]},{\"@type\":\"ImageObject\",\"inLanguage\":\"pt-PT\",\"@id\":\"https:\\\/\\\/walkingranada.com\\\/verano-granada-procesion-corpus\\\/#primaryimage\",\"url\":\"https:\\\/\\\/walkingranada.com\\\/wp-content\\\/uploads\\\/2019\\\/06\\\/Corpus.jpg.webp\",\"contentUrl\":\"https:\\\/\\\/walkingranada.com\\\/wp-content\\\/uploads\\\/2019\\\/06\\\/Corpus.jpg.webp\",\"width\":1500,\"height\":843,\"caption\":\"Corpus\"},{\"@type\":\"BreadcrumbList\",\"@id\":\"https:\\\/\\\/walkingranada.com\\\/verano-granada-procesion-corpus\\\/#breadcrumb\",\"itemListElement\":[{\"@type\":\"ListItem\",\"position\":1,\"name\":\"Portada\",\"item\":\"https:\\\/\\\/walkingranada.com\\\/\"},{\"@type\":\"ListItem\",\"position\":2,\"name\":\"ACTIVIDAD PRIMAVERA VERANO EN GRANADA\"}]},{\"@type\":\"WebSite\",\"@id\":\"https:\\\/\\\/walkingranada.com\\\/#website\",\"url\":\"https:\\\/\\\/walkingranada.com\\\/\",\"name\":\"Walk in Granada\",\"description\":\"Turismo responsable\",\"publisher\":{\"@id\":\"https:\\\/\\\/walkingranada.com\\\/#organization\"},\"alternateName\":\"Walk in Granada\",\"potentialAction\":[{\"@type\":\"SearchAction\",\"target\":{\"@type\":\"EntryPoint\",\"urlTemplate\":\"https:\\\/\\\/walkingranada.com\\\/?s={search_term_string}\"},\"query-input\":{\"@type\":\"PropertyValueSpecification\",\"valueRequired\":true,\"valueName\":\"search_term_string\"}}],\"inLanguage\":\"pt-PT\"},{\"@type\":\"Organization\",\"@id\":\"https:\\\/\\\/walkingranada.com\\\/#organization\",\"name\":\"Walk In Granada\",\"alternateName\":\"Walk In Granada\",\"url\":\"https:\\\/\\\/walkingranada.com\\\/\",\"logo\":{\"@type\":\"ImageObject\",\"inLanguage\":\"pt-PT\",\"@id\":\"https:\\\/\\\/walkingranada.com\\\/#\\\/schema\\\/logo\\\/image\\\/\",\"url\":\"https:\\\/\\\/walkingranada.com\\\/wp-content\\\/uploads\\\/2022\\\/12\\\/Logo-Walking.webp\",\"contentUrl\":\"https:\\\/\\\/walkingranada.com\\\/wp-content\\\/uploads\\\/2022\\\/12\\\/Logo-Walking.webp\",\"width\":512,\"height\":512,\"caption\":\"Walk In Granada\"},\"image\":{\"@id\":\"https:\\\/\\\/walkingranada.com\\\/#\\\/schema\\\/logo\\\/image\\\/\"},\"sameAs\":[\"https:\\\/\\\/es-es.facebook.com\\\/walkingranadatour\\\/\",\"https:\\\/\\\/x.com\\\/walkingranada\",\"https:\\\/\\\/www.instagram.com\\\/walkingranada\\\/\"]},{\"@type\":\"Person\",\"@id\":\"https:\\\/\\\/walkingranada.com\\\/#\\\/schema\\\/person\\\/0e703a18132a7470a6994423f7b21921\",\"name\":\"info@walkingranada.com\"}]}<\/script>\n<!-- \/ Yoast SEO plugin. -->","yoast_head_json":{"title":"ACTIVIDAD EN EL VERANO DE GRANADA. \ud83c\udf1e EL CORPUS CHRISTI","description":"Una de las tradiciones imprescindibles de Granada, el Corpus Christi y la Tarasca. Pasa un d\u00eda a lo grande en el recinto ferial. \ud83c\udfa0","robots":{"index":"index","follow":"follow","max-snippet":"max-snippet:-1","max-image-preview":"max-image-preview:large","max-video-preview":"max-video-preview:-1"},"canonical":"https:\/\/walkingranada.com\/pt\/verano-granada-procesion-corpus\/","og_locale":"pt_PT","og_type":"article","og_title":"ACTIVIDAD EN EL VERANO DE GRANADA. \ud83c\udf1e EL CORPUS CHRISTI","og_description":"Una de las tradiciones imprescindibles de Granada, el Corpus Christi y la Tarasca. Pasa un d\u00eda a lo grande en el recinto ferial. \ud83c\udfa0","og_url":"https:\/\/walkingranada.com\/pt\/verano-granada-procesion-corpus\/","og_site_name":"Walk in Granada","article_publisher":"https:\/\/es-es.facebook.com\/walkingranadatour\/","article_published_time":"2019-06-11T10:07:59+00:00","article_modified_time":"2023-01-18T16:41:27+00:00","og_image":[{"width":1500,"height":843,"url":"https:\/\/walkingranada.com\/wp-content\/uploads\/2019\/06\/Corpus.jpg.webp","type":"image\/jpeg"}],"author":"info@walkingranada.com","twitter_card":"summary_large_image","twitter_creator":"@walkingranada","twitter_site":"@walkingranada","twitter_misc":{"Escrito por":"info@walkingranada.com","Tempo estimado de leitura":"5 minutos"},"schema":{"@context":"https:\/\/schema.org","@graph":[{"@type":"Article","@id":"https:\/\/walkingranada.com\/verano-granada-procesion-corpus\/#article","isPartOf":{"@id":"https:\/\/walkingranada.com\/verano-granada-procesion-corpus\/"},"author":{"name":"info@walkingranada.com","@id":"https:\/\/walkingranada.com\/#\/schema\/person\/0e703a18132a7470a6994423f7b21921"},"headline":"ACTIVIDAD PRIMAVERA VERANO EN GRANADA","datePublished":"2019-06-11T10:07:59+00:00","dateModified":"2023-01-18T16:41:27+00:00","mainEntityOfPage":{"@id":"https:\/\/walkingranada.com\/verano-granada-procesion-corpus\/"},"wordCount":754,"publisher":{"@id":"https:\/\/walkingranada.com\/#organization"},"image":{"@id":"https:\/\/walkingranada.com\/verano-granada-procesion-corpus\/#primaryimage"},"thumbnailUrl":"https:\/\/walkingranada.com\/wp-content\/uploads\/2019\/06\/Corpus.jpg.webp","articleSection":["Blog-espa\u00f1ol","Gu\u00edas de viaje"],"inLanguage":"pt-PT"},{"@type":"WebPage","@id":"https:\/\/walkingranada.com\/verano-granada-procesion-corpus\/","url":"https:\/\/walkingranada.com\/verano-granada-procesion-corpus\/","name":"ACTIVIDAD EN EL VERANO DE GRANADA. \ud83c\udf1e EL CORPUS CHRISTI","isPartOf":{"@id":"https:\/\/walkingranada.com\/#website"},"primaryImageOfPage":{"@id":"https:\/\/walkingranada.com\/verano-granada-procesion-corpus\/#primaryimage"},"image":{"@id":"https:\/\/walkingranada.com\/verano-granada-procesion-corpus\/#primaryimage"},"thumbnailUrl":"https:\/\/walkingranada.com\/wp-content\/uploads\/2019\/06\/Corpus.jpg.webp","datePublished":"2019-06-11T10:07:59+00:00","dateModified":"2023-01-18T16:41:27+00:00","description":"Una de las tradiciones imprescindibles de Granada, el Corpus Christi y la Tarasca. Pasa un d\u00eda a lo grande en el recinto ferial. \ud83c\udfa0","breadcrumb":{"@id":"https:\/\/walkingranada.com\/verano-granada-procesion-corpus\/#breadcrumb"},"inLanguage":"pt-PT","potentialAction":[{"@type":"ReadAction","target":["https:\/\/walkingranada.com\/verano-granada-procesion-corpus\/"]}]},{"@type":"ImageObject","inLanguage":"pt-PT","@id":"https:\/\/walkingranada.com\/verano-granada-procesion-corpus\/#primaryimage","url":"https:\/\/walkingranada.com\/wp-content\/uploads\/2019\/06\/Corpus.jpg.webp","contentUrl":"https:\/\/walkingranada.com\/wp-content\/uploads\/2019\/06\/Corpus.jpg.webp","width":1500,"height":843,"caption":"Corpus"},{"@type":"BreadcrumbList","@id":"https:\/\/walkingranada.com\/verano-granada-procesion-corpus\/#breadcrumb","itemListElement":[{"@type":"ListItem","position":1,"name":"Portada","item":"https:\/\/walkingranada.com\/"},{"@type":"ListItem","position":2,"name":"ACTIVIDAD PRIMAVERA VERANO EN GRANADA"}]},{"@type":"WebSite","@id":"https:\/\/walkingranada.com\/#website","url":"https:\/\/walkingranada.com\/","name":"Walk in Granada","description":"Turismo responsable","publisher":{"@id":"https:\/\/walkingranada.com\/#organization"},"alternateName":"Walk in Granada","potentialAction":[{"@type":"SearchAction","target":{"@type":"EntryPoint","urlTemplate":"https:\/\/walkingranada.com\/?s={search_term_string}"},"query-input":{"@type":"PropertyValueSpecification","valueRequired":true,"valueName":"search_term_string"}}],"inLanguage":"pt-PT"},{"@type":"Organization","@id":"https:\/\/walkingranada.com\/#organization","name":"Walk In Granada","alternateName":"Walk In Granada","url":"https:\/\/walkingranada.com\/","logo":{"@type":"ImageObject","inLanguage":"pt-PT","@id":"https:\/\/walkingranada.com\/#\/schema\/logo\/image\/","url":"https:\/\/walkingranada.com\/wp-content\/uploads\/2022\/12\/Logo-Walking.webp","contentUrl":"https:\/\/walkingranada.com\/wp-content\/uploads\/2022\/12\/Logo-Walking.webp","width":512,"height":512,"caption":"Walk In Granada"},"image":{"@id":"https:\/\/walkingranada.com\/#\/schema\/logo\/image\/"},"sameAs":["https:\/\/es-es.facebook.com\/walkingranadatour\/","https:\/\/x.com\/walkingranada","https:\/\/www.instagram.com\/walkingranada\/"]},{"@type":"Person","@id":"https:\/\/walkingranada.com\/#\/schema\/person\/0e703a18132a7470a6994423f7b21921","name":"info@walkingranada.com"}]}},"_links":{"self":[{"href":"https:\/\/walkingranada.com\/pt\/wp-json\/wp\/v2\/posts\/297","targetHints":{"allow":["GET"]}}],"collection":[{"href":"https:\/\/walkingranada.com\/pt\/wp-json\/wp\/v2\/posts"}],"about":[{"href":"https:\/\/walkingranada.com\/pt\/wp-json\/wp\/v2\/types\/post"}],"author":[{"embeddable":true,"href":"https:\/\/walkingranada.com\/pt\/wp-json\/wp\/v2\/users\/2"}],"replies":[{"embeddable":true,"href":"https:\/\/walkingranada.com\/pt\/wp-json\/wp\/v2\/comments?post=297"}],"version-history":[{"count":0,"href":"https:\/\/walkingranada.com\/pt\/wp-json\/wp\/v2\/posts\/297\/revisions"}],"wp:featuredmedia":[{"embeddable":true,"href":"https:\/\/walkingranada.com\/pt\/wp-json\/wp\/v2\/media\/303"}],"wp:attachment":[{"href":"https:\/\/walkingranada.com\/pt\/wp-json\/wp\/v2\/media?parent=297"}],"wp:term":[{"taxonomy":"category","embeddable":true,"href":"https:\/\/walkingranada.com\/pt\/wp-json\/wp\/v2\/categories?post=297"},{"taxonomy":"post_tag","embeddable":true,"href":"https:\/\/walkingranada.com\/pt\/wp-json\/wp\/v2\/tags?post=297"}],"curies":[{"name":"wp","href":"https:\/\/api.w.org\/{rel}","templated":true}]}}