{"id":355,"date":"2017-12-09T11:00:46","date_gmt":"2017-12-09T11:00:46","guid":{"rendered":"http:\/\/inwavethemes.com\/wordpress\/intravel\/?p=19"},"modified":"2023-04-21T07:03:04","modified_gmt":"2023-04-21T07:03:04","slug":"monumentos-ver-granada-dos-dias","status":"publish","type":"post","link":"https:\/\/walkingranada.com\/fr\/monumentos-ver-granada-dos-dias\/","title":{"rendered":"Lista de monumentos que ver en Granada en dos d\u00edas"},"content":{"rendered":"<h2>48 horas de Turismo en Granada<\/h2>\n<p>Granada (Espa\u00f1a) es uno de los destinos m\u00e1s interesantes para hacer turismo en Espa\u00f1a. As\u00ed que un d\u00eda sabe a poco pero\u2026si de verdad, s\u00f3lo tienes 2 d\u00edas para visitar Granada \u00a1te vamos a echar una mano! Aqu\u00ed va nuestras recomendaciones para aquellos viajeros de visita express en Granada, coge una libreta y toma nota a nuestra lista de <strong>monumentos que ver en Granada<\/strong>.<\/p>\n<h2><!--more--><br \/>\nAp\u00fantate a un Free Tour<\/h2>\n<p><img decoding=\"async\" loading=\"lazy\" class=\"size-thumbnail wp-image-4525 alignleft\" src=\"https:\/\/walkingranada.com\/wp-content\/uploads\/2018\/09\/WIG-Juanpe-Marta-150x150.jpg.webp\" alt=\"Juanpe y Marta\" width=\"150\" height=\"150\" \/>Dependiendo del d\u00eda de la semana tenemos tres free tours para hacer turismo en Granada. S\u00ed, como lo oyes son gratuitos. Pero hay que darles una propina a nuestros esforzados gu\u00edas. No lo pienses m\u00e1s \u00a1ap\u00fantate ahora!<\/p>\n<p>Visita el Casco hist\u00f3rico de Granada en nuestro\u00a0<a title=\"Free Tour L&#039;essentiel de Granada\" href=\"\/fr\/free-tours\/free-tour-granada\/\">Granada Free Tour<\/a><br \/>\nConoce la historia del barrio hist\u00f3rico Albayzin en el\u00a0<a title=\"Free Tour del barrio del Albaic\u00edn de Granada\" href=\"\/fr\/free-tours\/granada-sacromonte\/\">Albaic\u00edn Free Tour<\/a><br \/>\nDescubre un barrio vibrante en el\u00a0<a title=\"Free Tour del barrio de Sacromonte de Granada\" href=\"https:\/\/walkingranada.com\/fr\/visites-guidees\/sacromonte\/\">Sacromonte Free Tour<\/a><\/p>\n<p>&nbsp;<\/p>\n<h2>Los Palacios de la Alhambra<\/h2>\n<p>Granada es famosa sobre todo por el complejo de la Alhambra, compuesto por varios palacios, fortalezas y unos jardines espectaculares. Adem\u00e1s desde su situaci\u00f3n, disfrutar\u00e1s de unas vistas del Albaic\u00edn, el Realejo y el Sacromonte \u00a1espectaculares!<\/p>\n<p>La Alhambra fue una ciudad palatina residencia de sultanes durante la dinast\u00eda Nasrid entre los siglos XIII y XV. Es un Patrimonio de la Humanidad protegido por la UNESCO. Por ello es uno de los monumentos m\u00e1s visitados es Espa\u00f1a y uno de los <strong>monumentos que ver en Granada<\/strong> s\u00ed o s\u00ed.<\/p>\n<p>Dada la gran afluencia de turistas, es recomendable comprar las entradas con bastante antelaci\u00f3n, siempre puedes cancelarla sin coste hasta una semana antes. Compra tu entrada ahora.<br \/>\nEl Palacio de los Leones es uno de los espacios m\u00e1s hermosos. Tambi\u00e9n el Palacio del Generalife, residencia de verano de la corte, tiene un encanto particular, por sus floridos jard\u00ednes y huertas.<\/p>\n<h2>Paseo de los Tristes<\/h2>\n<p><img decoding=\"async\" loading=\"lazy\" class=\"alignright size-thumbnail wp-image-1678\" src=\"https:\/\/walkingranada.com\/wp-content\/uploads\/2016\/05\/walk-in-granada-tours-150x150.jpg.webp\" alt=\"Paseo de los Tristes\" width=\"150\" height=\"150\" \/>Es un paseo muy bonito, a los pies de la Alhambra, en una calle empedrada a los m\u00e1rgenes del r\u00edo Darro. Puentes comunican con otro barrio hist\u00f3rico, El Realejo.<\/p>\n<p>La arquitectura t\u00edpica granad\u00edna se despliega a lo largo de todo el recorrido. Callejuelas y plazoletas aguardan a aquellos que se zambullan en las laber\u00ednticas calles que desembocan en el Paseo de los Tristes.<\/p>\n<h2>Explorar el Albaic\u00edn y el Sacromonte<\/h2>\n<p>Estos barrios hist\u00f3ricos son los m\u00e1s famosos de Granada. El Albaic\u00edn o Albayzin est\u00e1 localizado justo en la colina frente a la Alhambra. As\u00ed que las visitas desde all\u00ed son geniales, es famoso el\u00a0<strong>Point de vue de San Nicol\u00e1s.<\/strong>\u00a0pero tambi\u00e9n hay otros menos conocidos y encantadores como el Ojo de Granada.<\/p>\n<p>Te recomendamos pasear por sus estrechas calles llenas de flores, placitas,\u00a0<em>c\u00e1rmenes<\/em>\u00a0\u2013casas t\u00edpicas andaluzas moriscas \u2013 zigzagueando en un recorrido que terminar\u00e1 seguro en alg\u00fan rinc\u00f3n lleno de encanto.<\/p>\n<p>El Sacromonte es muy especial por la belleza del monte en el que est\u00e1 localizado, las famosas casas-cueva y por los numerosos\u00a0<em>tablaos\u00a0<\/em>donde se realizan actuaciones de flamenco. Una de las paradas obligatorias en la lista de <strong>monumentos que ver en Granada<\/strong> en dos d\u00edas.<\/p>\n<h2>La Casa Museo de Max Moreau<\/h2>\n<p>La\u00a0<em>Carmen\u00a0de\u00a0los Geranios<\/em>,\u00a0donde el artista belga vivi\u00f3 durante su estancia en Granada, es\u00a0 muy bonito con jardines cuidados que merece la pena visitar porque est\u00e1 muy cerca del famoso Mirador de San Nicol\u00e1s, en el Albaic\u00edn y la entrada es gratuita. Adem\u00e1s su obra es muy interesante.<\/p>\n<h2>Bazares con esencia oriental<\/h2>\n<p>La calle Elvira est\u00e1 repleta de tiendas con esencia oriental. Pero es especialmente bonita, una estrecha calle que la conecta con el bajo Albaic\u00edn.<\/p>\n<p>La calle Calderer\u00eda, adem\u00e1s de tiendas de souvenirs y artesanos del tatuaje de henna o la caligraf\u00eda \u00e1rabe, hay numerosas teter\u00edas muy agradables para relajarte y probar los deliciosos bocados de hojaldre, miel y frutos secos que preparan.<\/p>\n<p>Todo tipo de artistas se sientan en las escaleras del recorrido ofreciendo una original gama de artesan\u00eda\u00a0<em>made in Granada<\/em>\u00a0y m\u00fasica en directo.<\/p>\n<div>\n<h2>Catedral de Granada<\/h2>\n<p>Localizada en pleno casco hist\u00f3rico este edificio hist\u00f3rico es el lugar donde reposan los restos de los Reyes Cat\u00f3licos, que tomaron la ciudad como punto culminante a la llamada \u201cReconquista\u201d en la que expulsaron paulatinamente a los musulmanes de Granada. La audiogu\u00eda es una gran aliada en esta visita, con informaci\u00f3n completa.<\/p>\n<h2>Probar las tapas<\/h2>\n<p><img decoding=\"async\" loading=\"lazy\" class=\"size-thumbnail wp-image-3189 alignleft\" src=\"https:\/\/walkingranada.com\/wp-content\/uploads\/2018\/08\/tour-tapas-150x150.jpg.webp\" alt=\"Tour Tapas\" width=\"150\" height=\"150\" \/>Granada presume de una oferta amplia y variada en bares de tapas, donde cualquier consumici\u00f3n se presenta acompa\u00f1ada de una fabulosa tapa. Calles estupendas para tapear son la calle Elvira o la calle Navas, por ejemplo.<\/p>\n<p>&nbsp;<\/p>\n<\/div>\n<p>&nbsp;<\/p>\n<p>&nbsp;<\/p>\n<div>\n<h2>Rel\u00e1jate en un hammam<\/h2>\n<p>Granada es uno de los mejores lugares para probar los ba\u00f1os al estilo \u00e1rabe o\u00a0<em>hammam<\/em>\u00a0en Espa\u00f1a. En los tiempos en que Granada era una ciudad musulmana, los \u00e1rabes utilizaban estos lugares de esparcimiento como centro social pero tambi\u00e9n de negocios.<\/p>\n<p>Os recomendamos\u00a0<a title=\"Ba\u00f1os Arabes de Granada\" href=\"\/fr\/experiencias\/banos-arabes-granada\/\"><em>Hammam Al-\u00c1ndalus<\/em><\/a><em>,<\/em>\u00a0construidos sobre las ruinas de unos antiguos ba\u00f1os \u00e1rabes, est\u00e1 localizado a s\u00f3lo 5 minutos de la Plaza Nueva, en el centro de Granada.<\/p>\n<h2>Flamenco en una cueva del Sacromonte<\/h2>\n<p>Granada es el mejor lugar para ver un espect\u00e1culo flamenco. Porque la ciudad emana este arte por doquier. El barrio del Sacromonte es el barrio del arte gitano por excelencia.\u00a0 Te recomnedamos ver un show flamenco en el tablao\u00a0<a title=\"Espect\u00e1culo de Flamenco en Granada\" href=\"\/fr\/experiencias\/flamenco-granada\/\">Zambra Maria La Canastera<\/a><\/p>\n<\/div>","protected":false},"excerpt":{"rendered":"<p>48 horas de Turismo en Granada Granada (Espa\u00f1a) es uno de los destinos m\u00e1s interesantes para hacer turismo en Espa\u00f1a. As\u00ed que un d\u00eda sabe a poco pero\u2026si de verdad, s\u00f3lo tienes 2 d\u00edas para visitar Granada \u00a1te vamos a echar una mano! Aqu\u00ed va nuestras recomendaciones para aquellos viajeros de visita express en Granada, &#8230; <a title=\"Lista de monumentos que ver en Granada en dos d\u00edas\" class=\"read-more\" href=\"https:\/\/walkingranada.com\/fr\/monumentos-ver-granada-dos-dias\/\" aria-label=\"En savoir plus sur Lista de monumentos que ver en Granada en dos d\u00edas\">Lire la suite<\/a><\/p>","protected":false},"author":2,"featured_media":356,"comment_status":"closed","ping_status":"open","sticky":false,"template":"","format":"image","meta":{"footnotes":""},"categories":[5],"tags":[],"class_list":["post-355","post","type-post","status-publish","format-image","has-post-thumbnail","hentry","category-blog-espanol","post_format-post-format-image"],"yoast_head":"<!-- This site is optimized with the Yoast SEO plugin v27.5 - https:\/\/yoast.com\/product\/yoast-seo-wordpress\/ -->\n<title>Lista de monumentos que ver en Granada en dos d\u00edas -<\/title>\n<meta name=\"description\" content=\"Lista de monumentos que ver en Granada en un viaje s\u00faper express de dos d\u00edas. Entra y descubre cu\u00e1les son los que no te puedes perder \ud83d\ude4c\" \/>\n<meta name=\"robots\" content=\"index, follow, max-snippet:-1, max-image-preview:large, max-video-preview:-1\" \/>\n<link rel=\"canonical\" href=\"https:\/\/walkingranada.com\/fr\/monumentos-ver-granada-dos-dias\/\" \/>\n<meta property=\"og:locale\" content=\"fr_FR\" \/>\n<meta property=\"og:type\" content=\"article\" \/>\n<meta property=\"og:title\" content=\"Lista de monumentos que ver en Granada en dos d\u00edas -\" \/>\n<meta property=\"og:description\" content=\"Lista de monumentos que ver en Granada en un viaje s\u00faper express de dos d\u00edas. Entra y descubre cu\u00e1les son los que no te puedes perder \ud83d\ude4c\" \/>\n<meta property=\"og:url\" content=\"https:\/\/walkingranada.com\/fr\/monumentos-ver-granada-dos-dias\/\" \/>\n<meta property=\"og:site_name\" content=\"Walk in Granada\" \/>\n<meta property=\"article:publisher\" content=\"https:\/\/es-es.facebook.com\/walkingranadatour\/\" \/>\n<meta property=\"article:published_time\" content=\"2017-12-09T11:00:46+00:00\" \/>\n<meta property=\"article:modified_time\" content=\"2023-04-21T07:03:04+00:00\" \/>\n<meta property=\"og:image\" content=\"https:\/\/walkingranada.com\/wp-content\/uploads\/2018\/03\/Generalife-y-Jardines.jpg.webp\" \/>\n\t<meta property=\"og:image:width\" content=\"1000\" \/>\n\t<meta property=\"og:image:height\" content=\"1000\" \/>\n\t<meta property=\"og:image:type\" content=\"image\/jpeg\" \/>\n<meta name=\"author\" content=\"info@walkingranada.com\" \/>\n<meta name=\"twitter:card\" content=\"summary_large_image\" \/>\n<meta name=\"twitter:creator\" content=\"@walkingranada\" \/>\n<meta name=\"twitter:site\" content=\"@walkingranada\" \/>\n<meta name=\"twitter:label1\" content=\"\u00c9crit par\" \/>\n\t<meta name=\"twitter:data1\" content=\"info@walkingranada.com\" \/>\n\t<meta name=\"twitter:label2\" content=\"Dur\u00e9e de lecture estim\u00e9e\" \/>\n\t<meta name=\"twitter:data2\" content=\"5 minutes\" \/>\n<script type=\"application\/ld+json\" class=\"yoast-schema-graph\">{\"@context\":\"https:\\\/\\\/schema.org\",\"@graph\":[{\"@type\":\"Article\",\"@id\":\"https:\\\/\\\/walkingranada.com\\\/monumentos-ver-granada-dos-dias\\\/#article\",\"isPartOf\":{\"@id\":\"https:\\\/\\\/walkingranada.com\\\/monumentos-ver-granada-dos-dias\\\/\"},\"author\":{\"name\":\"info@walkingranada.com\",\"@id\":\"https:\\\/\\\/walkingranada.com\\\/#\\\/schema\\\/person\\\/0e703a18132a7470a6994423f7b21921\"},\"headline\":\"Lista de monumentos que ver en Granada en dos d\u00edas\",\"datePublished\":\"2017-12-09T11:00:46+00:00\",\"dateModified\":\"2023-04-21T07:03:04+00:00\",\"mainEntityOfPage\":{\"@id\":\"https:\\\/\\\/walkingranada.com\\\/monumentos-ver-granada-dos-dias\\\/\"},\"wordCount\":939,\"publisher\":{\"@id\":\"https:\\\/\\\/walkingranada.com\\\/#organization\"},\"image\":{\"@id\":\"https:\\\/\\\/walkingranada.com\\\/monumentos-ver-granada-dos-dias\\\/#primaryimage\"},\"thumbnailUrl\":\"https:\\\/\\\/walkingranada.com\\\/wp-content\\\/uploads\\\/2018\\\/03\\\/Generalife-y-Jardines.jpg.webp\",\"articleSection\":[\"Blog-espa\u00f1ol\"],\"inLanguage\":\"fr-FR\"},{\"@type\":\"WebPage\",\"@id\":\"https:\\\/\\\/walkingranada.com\\\/monumentos-ver-granada-dos-dias\\\/\",\"url\":\"https:\\\/\\\/walkingranada.com\\\/monumentos-ver-granada-dos-dias\\\/\",\"name\":\"Lista de monumentos que ver en Granada en dos d\u00edas -\",\"isPartOf\":{\"@id\":\"https:\\\/\\\/walkingranada.com\\\/#website\"},\"primaryImageOfPage\":{\"@id\":\"https:\\\/\\\/walkingranada.com\\\/monumentos-ver-granada-dos-dias\\\/#primaryimage\"},\"image\":{\"@id\":\"https:\\\/\\\/walkingranada.com\\\/monumentos-ver-granada-dos-dias\\\/#primaryimage\"},\"thumbnailUrl\":\"https:\\\/\\\/walkingranada.com\\\/wp-content\\\/uploads\\\/2018\\\/03\\\/Generalife-y-Jardines.jpg.webp\",\"datePublished\":\"2017-12-09T11:00:46+00:00\",\"dateModified\":\"2023-04-21T07:03:04+00:00\",\"description\":\"Lista de monumentos que ver en Granada en un viaje s\u00faper express de dos d\u00edas. Entra y descubre cu\u00e1les son los que no te puedes perder \ud83d\ude4c\",\"breadcrumb\":{\"@id\":\"https:\\\/\\\/walkingranada.com\\\/monumentos-ver-granada-dos-dias\\\/#breadcrumb\"},\"inLanguage\":\"fr-FR\",\"potentialAction\":[{\"@type\":\"ReadAction\",\"target\":[\"https:\\\/\\\/walkingranada.com\\\/monumentos-ver-granada-dos-dias\\\/\"]}]},{\"@type\":\"ImageObject\",\"inLanguage\":\"fr-FR\",\"@id\":\"https:\\\/\\\/walkingranada.com\\\/monumentos-ver-granada-dos-dias\\\/#primaryimage\",\"url\":\"https:\\\/\\\/walkingranada.com\\\/wp-content\\\/uploads\\\/2018\\\/03\\\/Generalife-y-Jardines.jpg.webp\",\"contentUrl\":\"https:\\\/\\\/walkingranada.com\\\/wp-content\\\/uploads\\\/2018\\\/03\\\/Generalife-y-Jardines.jpg.webp\",\"width\":1000,\"height\":1000,\"caption\":\"Generalife y Jardines\"},{\"@type\":\"BreadcrumbList\",\"@id\":\"https:\\\/\\\/walkingranada.com\\\/monumentos-ver-granada-dos-dias\\\/#breadcrumb\",\"itemListElement\":[{\"@type\":\"ListItem\",\"position\":1,\"name\":\"Portada\",\"item\":\"https:\\\/\\\/walkingranada.com\\\/\"},{\"@type\":\"ListItem\",\"position\":2,\"name\":\"Lista de monumentos que ver en Granada en dos d\u00edas\"}]},{\"@type\":\"WebSite\",\"@id\":\"https:\\\/\\\/walkingranada.com\\\/#website\",\"url\":\"https:\\\/\\\/walkingranada.com\\\/\",\"name\":\"Walk in Granada\",\"description\":\"Turismo responsable\",\"publisher\":{\"@id\":\"https:\\\/\\\/walkingranada.com\\\/#organization\"},\"alternateName\":\"Walk in Granada\",\"potentialAction\":[{\"@type\":\"SearchAction\",\"target\":{\"@type\":\"EntryPoint\",\"urlTemplate\":\"https:\\\/\\\/walkingranada.com\\\/?s={search_term_string}\"},\"query-input\":{\"@type\":\"PropertyValueSpecification\",\"valueRequired\":true,\"valueName\":\"search_term_string\"}}],\"inLanguage\":\"fr-FR\"},{\"@type\":\"Organization\",\"@id\":\"https:\\\/\\\/walkingranada.com\\\/#organization\",\"name\":\"Walk In Granada\",\"alternateName\":\"Walk In Granada\",\"url\":\"https:\\\/\\\/walkingranada.com\\\/\",\"logo\":{\"@type\":\"ImageObject\",\"inLanguage\":\"fr-FR\",\"@id\":\"https:\\\/\\\/walkingranada.com\\\/#\\\/schema\\\/logo\\\/image\\\/\",\"url\":\"https:\\\/\\\/walkingranada.com\\\/wp-content\\\/uploads\\\/2022\\\/12\\\/Logo-Walking.webp\",\"contentUrl\":\"https:\\\/\\\/walkingranada.com\\\/wp-content\\\/uploads\\\/2022\\\/12\\\/Logo-Walking.webp\",\"width\":512,\"height\":512,\"caption\":\"Walk In Granada\"},\"image\":{\"@id\":\"https:\\\/\\\/walkingranada.com\\\/#\\\/schema\\\/logo\\\/image\\\/\"},\"sameAs\":[\"https:\\\/\\\/es-es.facebook.com\\\/walkingranadatour\\\/\",\"https:\\\/\\\/x.com\\\/walkingranada\",\"https:\\\/\\\/www.instagram.com\\\/walkingranada\\\/\"]},{\"@type\":\"Person\",\"@id\":\"https:\\\/\\\/walkingranada.com\\\/#\\\/schema\\\/person\\\/0e703a18132a7470a6994423f7b21921\",\"name\":\"info@walkingranada.com\"}]}<\/script>\n<!-- \/ Yoast SEO plugin. -->","yoast_head_json":{"title":"Lista de monumentos que ver en Granada en dos d\u00edas -","description":"Lista de monumentos que ver en Granada en un viaje s\u00faper express de dos d\u00edas. Entra y descubre cu\u00e1les son los que no te puedes perder \ud83d\ude4c","robots":{"index":"index","follow":"follow","max-snippet":"max-snippet:-1","max-image-preview":"max-image-preview:large","max-video-preview":"max-video-preview:-1"},"canonical":"https:\/\/walkingranada.com\/fr\/monumentos-ver-granada-dos-dias\/","og_locale":"fr_FR","og_type":"article","og_title":"Lista de monumentos que ver en Granada en dos d\u00edas -","og_description":"Lista de monumentos que ver en Granada en un viaje s\u00faper express de dos d\u00edas. Entra y descubre cu\u00e1les son los que no te puedes perder \ud83d\ude4c","og_url":"https:\/\/walkingranada.com\/fr\/monumentos-ver-granada-dos-dias\/","og_site_name":"Walk in Granada","article_publisher":"https:\/\/es-es.facebook.com\/walkingranadatour\/","article_published_time":"2017-12-09T11:00:46+00:00","article_modified_time":"2023-04-21T07:03:04+00:00","og_image":[{"width":1000,"height":1000,"url":"https:\/\/walkingranada.com\/wp-content\/uploads\/2018\/03\/Generalife-y-Jardines.jpg.webp","type":"image\/jpeg"}],"author":"info@walkingranada.com","twitter_card":"summary_large_image","twitter_creator":"@walkingranada","twitter_site":"@walkingranada","twitter_misc":{"\u00c9crit par":"info@walkingranada.com","Dur\u00e9e de lecture estim\u00e9e":"5 minutes"},"schema":{"@context":"https:\/\/schema.org","@graph":[{"@type":"Article","@id":"https:\/\/walkingranada.com\/monumentos-ver-granada-dos-dias\/#article","isPartOf":{"@id":"https:\/\/walkingranada.com\/monumentos-ver-granada-dos-dias\/"},"author":{"name":"info@walkingranada.com","@id":"https:\/\/walkingranada.com\/#\/schema\/person\/0e703a18132a7470a6994423f7b21921"},"headline":"Lista de monumentos que ver en Granada en dos d\u00edas","datePublished":"2017-12-09T11:00:46+00:00","dateModified":"2023-04-21T07:03:04+00:00","mainEntityOfPage":{"@id":"https:\/\/walkingranada.com\/monumentos-ver-granada-dos-dias\/"},"wordCount":939,"publisher":{"@id":"https:\/\/walkingranada.com\/#organization"},"image":{"@id":"https:\/\/walkingranada.com\/monumentos-ver-granada-dos-dias\/#primaryimage"},"thumbnailUrl":"https:\/\/walkingranada.com\/wp-content\/uploads\/2018\/03\/Generalife-y-Jardines.jpg.webp","articleSection":["Blog-espa\u00f1ol"],"inLanguage":"fr-FR"},{"@type":"WebPage","@id":"https:\/\/walkingranada.com\/monumentos-ver-granada-dos-dias\/","url":"https:\/\/walkingranada.com\/monumentos-ver-granada-dos-dias\/","name":"Lista de monumentos que ver en Granada en dos d\u00edas -","isPartOf":{"@id":"https:\/\/walkingranada.com\/#website"},"primaryImageOfPage":{"@id":"https:\/\/walkingranada.com\/monumentos-ver-granada-dos-dias\/#primaryimage"},"image":{"@id":"https:\/\/walkingranada.com\/monumentos-ver-granada-dos-dias\/#primaryimage"},"thumbnailUrl":"https:\/\/walkingranada.com\/wp-content\/uploads\/2018\/03\/Generalife-y-Jardines.jpg.webp","datePublished":"2017-12-09T11:00:46+00:00","dateModified":"2023-04-21T07:03:04+00:00","description":"Lista de monumentos que ver en Granada en un viaje s\u00faper express de dos d\u00edas. Entra y descubre cu\u00e1les son los que no te puedes perder \ud83d\ude4c","breadcrumb":{"@id":"https:\/\/walkingranada.com\/monumentos-ver-granada-dos-dias\/#breadcrumb"},"inLanguage":"fr-FR","potentialAction":[{"@type":"ReadAction","target":["https:\/\/walkingranada.com\/monumentos-ver-granada-dos-dias\/"]}]},{"@type":"ImageObject","inLanguage":"fr-FR","@id":"https:\/\/walkingranada.com\/monumentos-ver-granada-dos-dias\/#primaryimage","url":"https:\/\/walkingranada.com\/wp-content\/uploads\/2018\/03\/Generalife-y-Jardines.jpg.webp","contentUrl":"https:\/\/walkingranada.com\/wp-content\/uploads\/2018\/03\/Generalife-y-Jardines.jpg.webp","width":1000,"height":1000,"caption":"Generalife y Jardines"},{"@type":"BreadcrumbList","@id":"https:\/\/walkingranada.com\/monumentos-ver-granada-dos-dias\/#breadcrumb","itemListElement":[{"@type":"ListItem","position":1,"name":"Portada","item":"https:\/\/walkingranada.com\/"},{"@type":"ListItem","position":2,"name":"Lista de monumentos que ver en Granada en dos d\u00edas"}]},{"@type":"WebSite","@id":"https:\/\/walkingranada.com\/#website","url":"https:\/\/walkingranada.com\/","name":"Walk in Granada","description":"Turismo responsable","publisher":{"@id":"https:\/\/walkingranada.com\/#organization"},"alternateName":"Walk in Granada","potentialAction":[{"@type":"SearchAction","target":{"@type":"EntryPoint","urlTemplate":"https:\/\/walkingranada.com\/?s={search_term_string}"},"query-input":{"@type":"PropertyValueSpecification","valueRequired":true,"valueName":"search_term_string"}}],"inLanguage":"fr-FR"},{"@type":"Organization","@id":"https:\/\/walkingranada.com\/#organization","name":"Walk In Granada","alternateName":"Walk In Granada","url":"https:\/\/walkingranada.com\/","logo":{"@type":"ImageObject","inLanguage":"fr-FR","@id":"https:\/\/walkingranada.com\/#\/schema\/logo\/image\/","url":"https:\/\/walkingranada.com\/wp-content\/uploads\/2022\/12\/Logo-Walking.webp","contentUrl":"https:\/\/walkingranada.com\/wp-content\/uploads\/2022\/12\/Logo-Walking.webp","width":512,"height":512,"caption":"Walk In Granada"},"image":{"@id":"https:\/\/walkingranada.com\/#\/schema\/logo\/image\/"},"sameAs":["https:\/\/es-es.facebook.com\/walkingranadatour\/","https:\/\/x.com\/walkingranada","https:\/\/www.instagram.com\/walkingranada\/"]},{"@type":"Person","@id":"https:\/\/walkingranada.com\/#\/schema\/person\/0e703a18132a7470a6994423f7b21921","name":"info@walkingranada.com"}]}},"_links":{"self":[{"href":"https:\/\/walkingranada.com\/fr\/wp-json\/wp\/v2\/posts\/355","targetHints":{"allow":["GET"]}}],"collection":[{"href":"https:\/\/walkingranada.com\/fr\/wp-json\/wp\/v2\/posts"}],"about":[{"href":"https:\/\/walkingranada.com\/fr\/wp-json\/wp\/v2\/types\/post"}],"author":[{"embeddable":true,"href":"https:\/\/walkingranada.com\/fr\/wp-json\/wp\/v2\/users\/2"}],"replies":[{"embeddable":true,"href":"https:\/\/walkingranada.com\/fr\/wp-json\/wp\/v2\/comments?post=355"}],"version-history":[{"count":0,"href":"https:\/\/walkingranada.com\/fr\/wp-json\/wp\/v2\/posts\/355\/revisions"}],"wp:featuredmedia":[{"embeddable":true,"href":"https:\/\/walkingranada.com\/fr\/wp-json\/wp\/v2\/media\/356"}],"wp:attachment":[{"href":"https:\/\/walkingranada.com\/fr\/wp-json\/wp\/v2\/media?parent=355"}],"wp:term":[{"taxonomy":"category","embeddable":true,"href":"https:\/\/walkingranada.com\/fr\/wp-json\/wp\/v2\/categories?post=355"},{"taxonomy":"post_tag","embeddable":true,"href":"https:\/\/walkingranada.com\/fr\/wp-json\/wp\/v2\/tags?post=355"}],"curies":[{"name":"wp","href":"https:\/\/api.w.org\/{rel}","templated":true}]}}