{"id":353,"date":"2018-01-13T08:38:16","date_gmt":"2018-01-13T08:38:16","guid":{"rendered":"http:\/\/inwavethemes.com\/wordpress\/intravel\/?p=22"},"modified":"2023-02-09T10:00:27","modified_gmt":"2023-02-09T10:00:27","slug":"rutas-adaptadas-personas-movilidad-reducida","status":"publish","type":"post","link":"https:\/\/walkingranada.com\/fr\/rutas-adaptadas-personas-movilidad-reducida\/","title":{"rendered":"Nous pr\u00e9sentons 4 itin\u00e9raires adapt\u00e9s aux personnes \u00e0 mobilit\u00e9 r\u00e9duite"},"content":{"rendered":"<h2>Granada accessible \u00e0 tous !<\/h2>\n<p><strong><img decoding=\"async\" loading=\"lazy\" class=\"alignleft size-thumbnail wp-image-6416\" src=\"https:\/\/walkingranada.com\/wp-content\/uploads\/2018\/10\/turismo-accesible-alhambra-150x150.jpg.webp\" alt=\"turismo accesible Alhambra\" width=\"150\" height=\"150\" \/>Cette ann\u00e9e, nous avons une premi\u00e8re ! \u00c0 Walk In Granada Tour, nous c\u00e9l\u00e9brons l\u2019inclusion de 4 nouvelles routes touristiques accessibles aux personnes handicap\u00e9es moteur dans la ville de Grenade. Nous vous expliquons comment nous avons r\u00e9ussi \u00e0 mettre ce projet sur pied.<\/strong><\/p>\n<p>&nbsp;<\/p>\n<p>&nbsp;<\/p>\n<p>&nbsp;<\/p>\n<p>En novembre dernier, le conseil municipal de Grenade, en collaboration avec l\u2019universit\u00e9 de Grenade et le tourisme municipal, a organis\u00e9 la\u00a0<b><i>1\u00e8re rencontre LabIN Grenade sur le tourisme et la ville.\u00a0<\/i><\/b>L\u2019objectif de la r\u00e9union \u00e9tait de promouvoir la participation des citoyens en encourageant la pr\u00e9sentation de nouvelles id\u00e9es sur<strong>\u00a0le tourisme durable<\/strong>Finalement, certaines de ces id\u00e9es ont \u00e9t\u00e9 s\u00e9lectionn\u00e9es pour compl\u00e9ter les lignes strat\u00e9giques du plan touristique de la ville. Parmi ces id\u00e9es figure celle de<a href=\"https:\/\/walkingranada.com\/fr\/\"> <em>Walk In Granada Tours<\/em><\/a>\u00a0en collaboration avec l\u2019association\u00a0<a href=\"https:\/\/laciudadaccesible.com\/index.html\"><em>La Ciudad Accesible<\/em><\/a>\u00a0t le Gremial del Taxi. Nous sommes tr\u00e8s heureux car ces nouvelles routes vont certainement am\u00e9liorer\u00a0<strong>l\u2019offre de tourisme accessible \u00e0 Granada.<\/strong>.<\/p>\n<p class=\"translation-block\"><img loading=\"lazy\" class=\"size-thumbnail wp-image-2502 alignleft\" src=\"https:\/\/walkingranada.com\/wp-content\/uploads\/2018\/05\/Europa-Press-150x150.jpg.webp\" alt=\"Europa Press\" width=\"150\" height=\"150\">Les informations fournies par la Diputaci\u00f3n de Granada, l\u2019Ayuntamiento de Granada et le Patronato de la Alhambra ont \u00e9t\u00e9 utilis\u00e9es pour concevoir ces itin\u00e9raires historiques et culturels accessibles. Merci \u00e0 tous.<\/p>\n<p>La proposition finale consistait en\u00a0<strong>4 itin\u00e9raires qui couvrent des zones du centre historique, de l\u2019Albaic\u00edn et du palais de l\u2019Alhambra.\u00a0<\/strong>Ces<strong> parcours adapt\u00e9s<\/strong> ont \u00e9t\u00e9 test\u00e9s par des volontaires handicap\u00e9s moteurs pour v\u00e9rifier leur degr\u00e9 d\u2019accessibilit\u00e9, tous ont confirm\u00e9<\/p>\n<p>&nbsp;<\/p>\n<p><strong><img decoding=\"async\" loading=\"lazy\" class=\"alignright size-thumbnail wp-image-2507\" src=\"https:\/\/walkingranada.com\/wp-content\/uploads\/2018\/05\/Rutas-dise\u00f1adas-Accesibles-Personas-con-Discapacidad-en-Granada1000-150x150.jpg.webp\" alt=\"Personas con discapacidad\" width=\"150\" height=\"150\" \/><\/strong><\/p>\n<p><strong>Les visites sont conduites par nos guides officiels<\/strong>qui sont tous form\u00e9s et exp\u00e9riment\u00e9s pour travailler avec des personnes handicap\u00e9es moteur.\u00a0\u00a0<em>Ciudad Accesible<\/em>\u00a0aura le r\u00f4le d\u2019entit\u00e9 externe supervisant ces itin\u00e9raires et garantissant le degr\u00e9 r\u00e9el d\u2019accessibilit\u00e9 des itin\u00e9raires et le type d\u2019utilisateurs handicap\u00e9s qui peuventlessuivre. Il sera \u00e9galement charg\u00e9 d\u2019\u00e9valuer la qualit\u00e9 de la formation des guides impliqu\u00e9s dans ce projet.<\/p>\n<p>&nbsp;<\/p>\n<p>&nbsp;<\/p>\n<p><strong><img decoding=\"async\" loading=\"lazy\" class=\"size-thumbnail wp-image-2504 alignleft\" src=\"https:\/\/walkingranada.com\/wp-content\/uploads\/2018\/05\/taxi-150x150.jpg.webp\" alt=\"Taxi\" width=\"150\" height=\"150\" \/>La Gremial del Taxis<\/strong>\u00a0apporte \u00e9galement une excellente contribution \u00e0<strong>\u00a0l\u2019offre de tourisme accessible \u00e0 Granada\u00a0<\/strong>en proposant des v\u00e9hicules adapt\u00e9s avec<strong>\u00a0droit de priorit\u00e9<\/strong>\u00a0et<strong>\u00a0prix fixe<\/strong>En outre, ces taxis adapt\u00e9s pourront assurer des services de liaison et de transfert dans les parties de la ville de Granada qui ne sont pas accessibles aux personnes handicap\u00e9es moteur. Ces itin\u00e9raires urbains standard seront effectu\u00e9s \u00e0 un prix fixe afin que les heures d\u2019arriv\u00e9e et de manipulation des fauteuils roulants pour leur mise en place dans le v\u00e9hicule n\u2019interf\u00e8rent pas avec ce tarif.<\/p>","protected":false},"excerpt":{"rendered":"<p>\u00a1Granada accesible para todos! \u00a1Este a\u00f1o estamos de estreno! En Walk In Granada Tour celebramos la inclusi\u00f3n de 4 nuevas rutas tur\u00edsticas que son accesibles para personas con discapacidad motriz,\u00a0en la ciudad de Granada. Te contamos como hemos conseguido sacar adelante este proyecto. &nbsp; &nbsp; &nbsp; El pasado mes de noviembre el\u00a0Ayuntamiento de Granada junto &#8230; <a title=\"Nous pr\u00e9sentons 4 itin\u00e9raires adapt\u00e9s aux personnes \u00e0 mobilit\u00e9 r\u00e9duite\" class=\"read-more\" href=\"https:\/\/walkingranada.com\/fr\/rutas-adaptadas-personas-movilidad-reducida\/\" aria-label=\"En savoir plus sur Presentamos 4 rutas adaptadas para personas con movilidad reducida\">Lire la suite<\/a><\/p>","protected":false},"author":2,"featured_media":2507,"comment_status":"closed","ping_status":"open","sticky":false,"template":"","format":"gallery","meta":{"footnotes":""},"categories":[5],"tags":[],"class_list":["post-353","post","type-post","status-publish","format-gallery","has-post-thumbnail","hentry","category-blog-espanol","post_format-post-format-gallery"],"yoast_head":"<!-- This site is optimized with the Yoast SEO plugin v27.5 - https:\/\/yoast.com\/product\/yoast-seo-wordpress\/ -->\n<title>4 Rutas adaptadas a personas con movilidad reducida<\/title>\n<meta name=\"description\" content=\"Presentamos 4 rutas adaptadas para personas con movilidad reducida. Granada una vez m\u00e1s ha demostrado su accesibilidad para todxs \ud83d\ude4c\" \/>\n<meta name=\"robots\" content=\"index, follow, max-snippet:-1, max-image-preview:large, max-video-preview:-1\" \/>\n<link rel=\"canonical\" href=\"https:\/\/walkingranada.com\/fr\/rutas-adaptadas-personas-movilidad-reducida\/\" \/>\n<meta property=\"og:locale\" content=\"fr_FR\" \/>\n<meta property=\"og:type\" content=\"article\" \/>\n<meta property=\"og:title\" content=\"4 Rutas adaptadas a personas con movilidad reducida\" \/>\n<meta property=\"og:description\" content=\"Presentamos 4 rutas adaptadas para personas con movilidad reducida. Granada una vez m\u00e1s ha demostrado su accesibilidad para todxs \ud83d\ude4c\" \/>\n<meta property=\"og:url\" content=\"https:\/\/walkingranada.com\/fr\/rutas-adaptadas-personas-movilidad-reducida\/\" \/>\n<meta property=\"og:site_name\" content=\"Walk in Granada\" \/>\n<meta property=\"article:publisher\" content=\"https:\/\/es-es.facebook.com\/walkingranadatour\/\" \/>\n<meta property=\"article:published_time\" content=\"2018-01-13T08:38:16+00:00\" \/>\n<meta property=\"article:modified_time\" content=\"2023-02-09T10:00:27+00:00\" \/>\n<meta property=\"og:image\" content=\"https:\/\/walkingranada.com\/wp-content\/uploads\/2023\/01\/Visita-accesible-alhambra-4.webp\" \/>\n\t<meta property=\"og:image:width\" content=\"305\" \/>\n\t<meta property=\"og:image:height\" content=\"305\" \/>\n\t<meta property=\"og:image:type\" content=\"image\/webp\" \/>\n<meta name=\"author\" content=\"info@walkingranada.com\" \/>\n<meta name=\"twitter:card\" content=\"summary_large_image\" \/>\n<meta name=\"twitter:creator\" content=\"@walkingranada\" \/>\n<meta name=\"twitter:site\" content=\"@walkingranada\" \/>\n<meta name=\"twitter:label1\" content=\"\u00c9crit par\" \/>\n\t<meta name=\"twitter:data1\" content=\"info@walkingranada.com\" \/>\n\t<meta name=\"twitter:label2\" content=\"Dur\u00e9e de lecture estim\u00e9e\" \/>\n\t<meta name=\"twitter:data2\" content=\"3 minutes\" \/>\n<script type=\"application\/ld+json\" class=\"yoast-schema-graph\">{\"@context\":\"https:\\\/\\\/schema.org\",\"@graph\":[{\"@type\":\"Article\",\"@id\":\"https:\\\/\\\/walkingranada.com\\\/rutas-adaptadas-personas-movilidad-reducida\\\/#article\",\"isPartOf\":{\"@id\":\"https:\\\/\\\/walkingranada.com\\\/rutas-adaptadas-personas-movilidad-reducida\\\/\"},\"author\":{\"name\":\"info@walkingranada.com\",\"@id\":\"https:\\\/\\\/walkingranada.com\\\/#\\\/schema\\\/person\\\/0e703a18132a7470a6994423f7b21921\"},\"headline\":\"Presentamos 4 rutas adaptadas para personas con movilidad reducida\",\"datePublished\":\"2018-01-13T08:38:16+00:00\",\"dateModified\":\"2023-02-09T10:00:27+00:00\",\"mainEntityOfPage\":{\"@id\":\"https:\\\/\\\/walkingranada.com\\\/rutas-adaptadas-personas-movilidad-reducida\\\/\"},\"wordCount\":437,\"publisher\":{\"@id\":\"https:\\\/\\\/walkingranada.com\\\/#organization\"},\"image\":{\"@id\":\"https:\\\/\\\/walkingranada.com\\\/rutas-adaptadas-personas-movilidad-reducida\\\/#primaryimage\"},\"thumbnailUrl\":\"https:\\\/\\\/walkingranada.com\\\/wp-content\\\/uploads\\\/2023\\\/01\\\/Visita-accesible-alhambra-4.webp\",\"articleSection\":[\"Blog-espa\u00f1ol\"],\"inLanguage\":\"fr-FR\"},{\"@type\":\"WebPage\",\"@id\":\"https:\\\/\\\/walkingranada.com\\\/rutas-adaptadas-personas-movilidad-reducida\\\/\",\"url\":\"https:\\\/\\\/walkingranada.com\\\/rutas-adaptadas-personas-movilidad-reducida\\\/\",\"name\":\"4 Rutas adaptadas a personas con movilidad reducida\",\"isPartOf\":{\"@id\":\"https:\\\/\\\/walkingranada.com\\\/#website\"},\"primaryImageOfPage\":{\"@id\":\"https:\\\/\\\/walkingranada.com\\\/rutas-adaptadas-personas-movilidad-reducida\\\/#primaryimage\"},\"image\":{\"@id\":\"https:\\\/\\\/walkingranada.com\\\/rutas-adaptadas-personas-movilidad-reducida\\\/#primaryimage\"},\"thumbnailUrl\":\"https:\\\/\\\/walkingranada.com\\\/wp-content\\\/uploads\\\/2023\\\/01\\\/Visita-accesible-alhambra-4.webp\",\"datePublished\":\"2018-01-13T08:38:16+00:00\",\"dateModified\":\"2023-02-09T10:00:27+00:00\",\"description\":\"Presentamos 4 rutas adaptadas para personas con movilidad reducida. Granada una vez m\u00e1s ha demostrado su accesibilidad para todxs \ud83d\ude4c\",\"breadcrumb\":{\"@id\":\"https:\\\/\\\/walkingranada.com\\\/rutas-adaptadas-personas-movilidad-reducida\\\/#breadcrumb\"},\"inLanguage\":\"fr-FR\",\"potentialAction\":[{\"@type\":\"ReadAction\",\"target\":[\"https:\\\/\\\/walkingranada.com\\\/rutas-adaptadas-personas-movilidad-reducida\\\/\"]}]},{\"@type\":\"ImageObject\",\"inLanguage\":\"fr-FR\",\"@id\":\"https:\\\/\\\/walkingranada.com\\\/rutas-adaptadas-personas-movilidad-reducida\\\/#primaryimage\",\"url\":\"https:\\\/\\\/walkingranada.com\\\/wp-content\\\/uploads\\\/2023\\\/01\\\/Visita-accesible-alhambra-4.webp\",\"contentUrl\":\"https:\\\/\\\/walkingranada.com\\\/wp-content\\\/uploads\\\/2023\\\/01\\\/Visita-accesible-alhambra-4.webp\",\"width\":305,\"height\":305,\"caption\":\"Visita-accesible-alhambra-4\"},{\"@type\":\"BreadcrumbList\",\"@id\":\"https:\\\/\\\/walkingranada.com\\\/rutas-adaptadas-personas-movilidad-reducida\\\/#breadcrumb\",\"itemListElement\":[{\"@type\":\"ListItem\",\"position\":1,\"name\":\"Portada\",\"item\":\"https:\\\/\\\/walkingranada.com\\\/\"},{\"@type\":\"ListItem\",\"position\":2,\"name\":\"Presentamos 4 rutas adaptadas para personas con movilidad reducida\"}]},{\"@type\":\"WebSite\",\"@id\":\"https:\\\/\\\/walkingranada.com\\\/#website\",\"url\":\"https:\\\/\\\/walkingranada.com\\\/\",\"name\":\"Walk in Granada\",\"description\":\"Turismo responsable\",\"publisher\":{\"@id\":\"https:\\\/\\\/walkingranada.com\\\/#organization\"},\"alternateName\":\"Walk in Granada\",\"potentialAction\":[{\"@type\":\"SearchAction\",\"target\":{\"@type\":\"EntryPoint\",\"urlTemplate\":\"https:\\\/\\\/walkingranada.com\\\/?s={search_term_string}\"},\"query-input\":{\"@type\":\"PropertyValueSpecification\",\"valueRequired\":true,\"valueName\":\"search_term_string\"}}],\"inLanguage\":\"fr-FR\"},{\"@type\":\"Organization\",\"@id\":\"https:\\\/\\\/walkingranada.com\\\/#organization\",\"name\":\"Walk In Granada\",\"alternateName\":\"Walk In Granada\",\"url\":\"https:\\\/\\\/walkingranada.com\\\/\",\"logo\":{\"@type\":\"ImageObject\",\"inLanguage\":\"fr-FR\",\"@id\":\"https:\\\/\\\/walkingranada.com\\\/#\\\/schema\\\/logo\\\/image\\\/\",\"url\":\"https:\\\/\\\/walkingranada.com\\\/wp-content\\\/uploads\\\/2022\\\/12\\\/Logo-Walking.webp\",\"contentUrl\":\"https:\\\/\\\/walkingranada.com\\\/wp-content\\\/uploads\\\/2022\\\/12\\\/Logo-Walking.webp\",\"width\":512,\"height\":512,\"caption\":\"Walk In Granada\"},\"image\":{\"@id\":\"https:\\\/\\\/walkingranada.com\\\/#\\\/schema\\\/logo\\\/image\\\/\"},\"sameAs\":[\"https:\\\/\\\/es-es.facebook.com\\\/walkingranadatour\\\/\",\"https:\\\/\\\/x.com\\\/walkingranada\",\"https:\\\/\\\/www.instagram.com\\\/walkingranada\\\/\"]},{\"@type\":\"Person\",\"@id\":\"https:\\\/\\\/walkingranada.com\\\/#\\\/schema\\\/person\\\/0e703a18132a7470a6994423f7b21921\",\"name\":\"info@walkingranada.com\"}]}<\/script>\n<!-- \/ Yoast SEO plugin. -->","yoast_head_json":{"title":"4 Rutas adaptadas a personas con movilidad reducida","description":"Presentamos 4 rutas adaptadas para personas con movilidad reducida. Granada una vez m\u00e1s ha demostrado su accesibilidad para todxs \ud83d\ude4c","robots":{"index":"index","follow":"follow","max-snippet":"max-snippet:-1","max-image-preview":"max-image-preview:large","max-video-preview":"max-video-preview:-1"},"canonical":"https:\/\/walkingranada.com\/fr\/rutas-adaptadas-personas-movilidad-reducida\/","og_locale":"fr_FR","og_type":"article","og_title":"4 Rutas adaptadas a personas con movilidad reducida","og_description":"Presentamos 4 rutas adaptadas para personas con movilidad reducida. Granada una vez m\u00e1s ha demostrado su accesibilidad para todxs \ud83d\ude4c","og_url":"https:\/\/walkingranada.com\/fr\/rutas-adaptadas-personas-movilidad-reducida\/","og_site_name":"Walk in Granada","article_publisher":"https:\/\/es-es.facebook.com\/walkingranadatour\/","article_published_time":"2018-01-13T08:38:16+00:00","article_modified_time":"2023-02-09T10:00:27+00:00","og_image":[{"width":305,"height":305,"url":"https:\/\/walkingranada.com\/wp-content\/uploads\/2023\/01\/Visita-accesible-alhambra-4.webp","type":"image\/webp"}],"author":"info@walkingranada.com","twitter_card":"summary_large_image","twitter_creator":"@walkingranada","twitter_site":"@walkingranada","twitter_misc":{"\u00c9crit par":"info@walkingranada.com","Dur\u00e9e de lecture estim\u00e9e":"3 minutes"},"schema":{"@context":"https:\/\/schema.org","@graph":[{"@type":"Article","@id":"https:\/\/walkingranada.com\/rutas-adaptadas-personas-movilidad-reducida\/#article","isPartOf":{"@id":"https:\/\/walkingranada.com\/rutas-adaptadas-personas-movilidad-reducida\/"},"author":{"name":"info@walkingranada.com","@id":"https:\/\/walkingranada.com\/#\/schema\/person\/0e703a18132a7470a6994423f7b21921"},"headline":"Presentamos 4 rutas adaptadas para personas con movilidad reducida","datePublished":"2018-01-13T08:38:16+00:00","dateModified":"2023-02-09T10:00:27+00:00","mainEntityOfPage":{"@id":"https:\/\/walkingranada.com\/rutas-adaptadas-personas-movilidad-reducida\/"},"wordCount":437,"publisher":{"@id":"https:\/\/walkingranada.com\/#organization"},"image":{"@id":"https:\/\/walkingranada.com\/rutas-adaptadas-personas-movilidad-reducida\/#primaryimage"},"thumbnailUrl":"https:\/\/walkingranada.com\/wp-content\/uploads\/2023\/01\/Visita-accesible-alhambra-4.webp","articleSection":["Blog-espa\u00f1ol"],"inLanguage":"fr-FR"},{"@type":"WebPage","@id":"https:\/\/walkingranada.com\/rutas-adaptadas-personas-movilidad-reducida\/","url":"https:\/\/walkingranada.com\/rutas-adaptadas-personas-movilidad-reducida\/","name":"4 Rutas adaptadas a personas con movilidad reducida","isPartOf":{"@id":"https:\/\/walkingranada.com\/#website"},"primaryImageOfPage":{"@id":"https:\/\/walkingranada.com\/rutas-adaptadas-personas-movilidad-reducida\/#primaryimage"},"image":{"@id":"https:\/\/walkingranada.com\/rutas-adaptadas-personas-movilidad-reducida\/#primaryimage"},"thumbnailUrl":"https:\/\/walkingranada.com\/wp-content\/uploads\/2023\/01\/Visita-accesible-alhambra-4.webp","datePublished":"2018-01-13T08:38:16+00:00","dateModified":"2023-02-09T10:00:27+00:00","description":"Presentamos 4 rutas adaptadas para personas con movilidad reducida. Granada una vez m\u00e1s ha demostrado su accesibilidad para todxs \ud83d\ude4c","breadcrumb":{"@id":"https:\/\/walkingranada.com\/rutas-adaptadas-personas-movilidad-reducida\/#breadcrumb"},"inLanguage":"fr-FR","potentialAction":[{"@type":"ReadAction","target":["https:\/\/walkingranada.com\/rutas-adaptadas-personas-movilidad-reducida\/"]}]},{"@type":"ImageObject","inLanguage":"fr-FR","@id":"https:\/\/walkingranada.com\/rutas-adaptadas-personas-movilidad-reducida\/#primaryimage","url":"https:\/\/walkingranada.com\/wp-content\/uploads\/2023\/01\/Visita-accesible-alhambra-4.webp","contentUrl":"https:\/\/walkingranada.com\/wp-content\/uploads\/2023\/01\/Visita-accesible-alhambra-4.webp","width":305,"height":305,"caption":"Visita-accesible-alhambra-4"},{"@type":"BreadcrumbList","@id":"https:\/\/walkingranada.com\/rutas-adaptadas-personas-movilidad-reducida\/#breadcrumb","itemListElement":[{"@type":"ListItem","position":1,"name":"Portada","item":"https:\/\/walkingranada.com\/"},{"@type":"ListItem","position":2,"name":"Presentamos 4 rutas adaptadas para personas con movilidad reducida"}]},{"@type":"WebSite","@id":"https:\/\/walkingranada.com\/#website","url":"https:\/\/walkingranada.com\/","name":"Walk in Granada","description":"Turismo responsable","publisher":{"@id":"https:\/\/walkingranada.com\/#organization"},"alternateName":"Walk in Granada","potentialAction":[{"@type":"SearchAction","target":{"@type":"EntryPoint","urlTemplate":"https:\/\/walkingranada.com\/?s={search_term_string}"},"query-input":{"@type":"PropertyValueSpecification","valueRequired":true,"valueName":"search_term_string"}}],"inLanguage":"fr-FR"},{"@type":"Organization","@id":"https:\/\/walkingranada.com\/#organization","name":"Walk In Granada","alternateName":"Walk In Granada","url":"https:\/\/walkingranada.com\/","logo":{"@type":"ImageObject","inLanguage":"fr-FR","@id":"https:\/\/walkingranada.com\/#\/schema\/logo\/image\/","url":"https:\/\/walkingranada.com\/wp-content\/uploads\/2022\/12\/Logo-Walking.webp","contentUrl":"https:\/\/walkingranada.com\/wp-content\/uploads\/2022\/12\/Logo-Walking.webp","width":512,"height":512,"caption":"Walk In Granada"},"image":{"@id":"https:\/\/walkingranada.com\/#\/schema\/logo\/image\/"},"sameAs":["https:\/\/es-es.facebook.com\/walkingranadatour\/","https:\/\/x.com\/walkingranada","https:\/\/www.instagram.com\/walkingranada\/"]},{"@type":"Person","@id":"https:\/\/walkingranada.com\/#\/schema\/person\/0e703a18132a7470a6994423f7b21921","name":"info@walkingranada.com"}]}},"_links":{"self":[{"href":"https:\/\/walkingranada.com\/fr\/wp-json\/wp\/v2\/posts\/353","targetHints":{"allow":["GET"]}}],"collection":[{"href":"https:\/\/walkingranada.com\/fr\/wp-json\/wp\/v2\/posts"}],"about":[{"href":"https:\/\/walkingranada.com\/fr\/wp-json\/wp\/v2\/types\/post"}],"author":[{"embeddable":true,"href":"https:\/\/walkingranada.com\/fr\/wp-json\/wp\/v2\/users\/2"}],"replies":[{"embeddable":true,"href":"https:\/\/walkingranada.com\/fr\/wp-json\/wp\/v2\/comments?post=353"}],"version-history":[{"count":0,"href":"https:\/\/walkingranada.com\/fr\/wp-json\/wp\/v2\/posts\/353\/revisions"}],"wp:featuredmedia":[{"embeddable":true,"href":"https:\/\/walkingranada.com\/fr\/wp-json\/wp\/v2\/media\/2507"}],"wp:attachment":[{"href":"https:\/\/walkingranada.com\/fr\/wp-json\/wp\/v2\/media?parent=353"}],"wp:term":[{"taxonomy":"category","embeddable":true,"href":"https:\/\/walkingranada.com\/fr\/wp-json\/wp\/v2\/categories?post=353"},{"taxonomy":"post_tag","embeddable":true,"href":"https:\/\/walkingranada.com\/fr\/wp-json\/wp\/v2\/tags?post=353"}],"curies":[{"name":"wp","href":"https:\/\/api.w.org\/{rel}","templated":true}]}}