{"id":319,"date":"2019-06-05T09:14:53","date_gmt":"2019-06-05T09:14:53","guid":{"rendered":"https:\/\/factum-omibu.es\/walkin\/?p=7950"},"modified":"2023-01-18T16:41:17","modified_gmt":"2023-01-18T16:41:17","slug":"visitar-barrios-granada","status":"publish","type":"post","link":"https:\/\/walkingranada.com\/fr\/visitar-barrios-granada\/","title":{"rendered":"Quartiers de Grenade, ce qu'il faut voir et visiter lors de votre prochain voyage"},"content":{"rendered":"<p><span style=\"font-weight: 400;\"><a href=\"https:\/\/walkingranada.com\/fr\/mejores-free-tours-granada\/?preview=true\">Visitar barrios de Granada<\/a> es otra de las formas de descubrir el pasado, presente y futuro de la ciudad. Os compartimos un listado con los barrios emblem\u00e1ticos, esos que no debemos perdernos en nuestra visita, siempre desde una perspectiva local, conectando con el granadino de a pie.<\/span><\/p>\n<p><span style=\"font-weight: 400;\">Granada recoge su epicentro en el actual centro hist\u00f3rico pero su historia comenz\u00f3 en las alturas, en la monta\u00f1a del Albayz\u00edn. Junto al mismo, descubriremos el afamado Sacromonte, cuna de la etnia gitana y del flamenco oriental de Andaluc\u00eda. Adem\u00e1s, conectaremos con el barrio del Realejo, barrio de Granada previo a la vida musulmana, la antigua juder\u00eda . El afamado centro hist\u00f3rico, punto de encuentro para los Granadinos, finalizando con los barrios modernos, de parada obligatoria sobre todo para descubrir otro tipo de tapas \u00a1Tapas como nos gustan a los granadinos!<\/span><\/p>\n<p>&nbsp;<\/p>\n<h2>Albaic\u00edn<\/h2>\n<p><img decoding=\"async\" loading=\"lazy\" class=\"aligncenter wp-image-7951 size-full\" title=\"Albayc\u00edn en Granada\" src=\"https:\/\/walkingranada.com\/wp-content\/uploads\/2019\/06\/Foto-1.jpg.webp\" alt=\"Albayc\u00edn en Granada\" width=\"100%\" \/><\/p>\n<p><span style=\"font-weight: 400;\"><strong>Patrimonio de la Humanidad<\/strong> desde 1994, el <strong>barrio del Albayz\u00edn Granada<\/strong> es el m\u00e1s emblem\u00e1tico, no solo por su historia sino tambi\u00e9n por su evoluci\u00f3n, su disposici\u00f3n, sus gentes\u2026<\/span><\/p>\n<p><span style=\"font-weight: 400;\">Aunque hoy tan solo podemos disfrutar de patrimonio hispano-musulm\u00e1n, cristiano y el creado hasta nuestros d\u00edas, otros asentamientos vivieron en esta colina, se entiende el primero en el siglo VII a.n.e. Antigua Iliber\u00ed, dominaci\u00f3n \u00edbera.<\/span><\/p>\n<p><span style=\"font-weight: 400;\">\u201cFijate si soy Albayzinero que cuando llego a Plaza Nueva me siento extranjero\u201d es un antiguo dicho que describe muy bien el sentimiento de este barrio. Ya desde la Plaza Nueva acceder\u00edamos a la zona m\u00e1s antigua del mismo, f\u00e1cil de reconocer ya que casi toda la ladera enfrentada a la Alhambra formaba parte del primer asentamiento, del siglo XI, por lo que en nuestra visita no debemos olvidar los edificios hist\u00f3ricos que se esconden en sus calles.<\/span><\/p>\n<p><span style=\"font-weight: 400;\">Lo recomendable en barrios tan tradicionales ser\u00eda poder descubrirla de la mano de un gu\u00eda granadino, miles de calles son las que componen este barrio y mucho de su patrimonio bastante escondido. Si eres de los intr\u00e9pidos que quiere \u201cperderse\u201d por el barrio, a continuaci\u00f3n te aconsejamos los b\u00e1sicos, recuerda que en la oficina municipal de turismo podr\u00e1s encontrar el listado con todos los monumentos y museos a visitar en Granada.<\/span><\/p>\n<p><span style=\"font-weight: 400;\">Esta ciudad est\u00e1 hecha para recorrerla a pi\u00e9, por eso nuestra visita la comenzaremos en la Plaza Nueva para poder hacer un c\u00edrculo a trav\u00e9s de la colina, regresando al centro hist\u00f3rico.<\/span><\/p>\n<p><span style=\"font-weight: 400;\">Plaza Nueva, Carrera del Darro, Paseo de los Tristes. Este conjunto de calles y plaza se concibe en Espa\u00f1a como una de las zonas m\u00e1s bonitas de nuestro pa\u00eds, y raz\u00f3n no les falta ya que muestra realmente el original entramado de la ciudad de Granada en su zona baja, una ciudad dividida por un r\u00edo con catorce puentes de unificaci\u00f3n. Presta especial atenci\u00f3n al lateral izquierdo ya que en \u00e9l resid\u00eda la nobleza musulmana y cristiana y a\u00fan puedes encontrar <\/span>edificios como el Ba\u00f1uelo, hamman del siglo XI; el Museo Arque\u00f3lico, Palacio del siglo XVI o la Casa de Zafra, Casa Nazar\u00ed.<\/p>\n<p><span style=\"font-weight: 400;\">Escoge cualquiera de las peque\u00f1as calles del lateral izquierdo y comienza a descubrir el barrio, no te preocupes si te pierdes, continua tu camino hasta la cima de la colina y encontrar\u00e1s la arteria principal, una vez arriba, pregunta por el <strong>Point de vue de San Nicol\u00e1s.<\/strong>, parada obligatoria del barrio con espectaculares vistas en panor\u00e1mico de la Alhambra.<\/span><\/p>\n<p><img decoding=\"async\" loading=\"lazy\" class=\"aligncenter wp-image-7952 size-full\" title=\"La Alhambra de Granada\" src=\"https:\/\/walkingranada.com\/wp-content\/uploads\/2019\/06\/Foto-2.jpeg\" alt=\"La Alhambra de Granada\" width=\"100%\" \/><\/p>\n<p><span style=\"font-weight: 400;\">Escogiendo este mirador como metro 0 del barrio, podr\u00edamos dividir esta copa en tres zonas importantes para visitar, si miramos en direcci\u00f3n a la<strong> Alhambra<\/strong>, en tu lateral de la izquierda, no te pierdas la Mezquita Mayor de Granada, ejecutada siguiendo las l\u00edneas de la <strong>Granada Nazar\u00ed<\/strong>, fue inaugurada en 2003, primera Mezquita en la ciudad desde la llegada de los Reyes Cat\u00f3licos.<\/span><\/p>\n<p>&nbsp;<\/p>\n<p><span style=\"font-weight: 400;\">De nuevo en el Mirador, en las espaldas de la Iglesia de San Nicol\u00e1s, comenzar\u00eda la zona m\u00e1s castiza, lo que los albaicineros apodan como \u201csu pueblo\u201d, siendo la Plaza Larga el punto neur\u00e1lgico, girando la vida en torno a la misma. Te recomendamos memorizar el <strong>Mirador de San Crist\u00f3bal<\/strong>, una de las mejores puestas de sol de nuestra ciudad. <\/span><span style=\"font-weight: 400;\">Para terminar y de vuelta al Mirador de San Nicol\u00e1s, caminando hacia la zona de la derecha, encontrar\u00e1s m\u00e1s patrimonio b\u00e1sico de Granada, Monasterio de Santa Isabel la Real, el Aljibe del Rey (museo del Agua), el Palacio de la Dar-Al-horra, \u00a0\u00fanico palacio real Nazar\u00ed construido fuera de la Alhambra; U otros miradores, con especial menci\u00f3n al \u201cOjo de Granada\u201d.<\/span><\/p>\n<p><img decoding=\"async\" loading=\"lazy\" class=\"aligncenter wp-image-7955 size-full\" title=\"Calderer\u00eda granadina\" src=\"https:\/\/walkingranada.com\/wp-content\/uploads\/2019\/06\/Foto-5.jpg.webp\" alt=\"Calderer\u00eda granadina\" width=\"100%\" \/><\/p>\n<p><span style=\"font-weight: 400;\">En tu regreso, no te olvides visitar por la<strong> Calderer\u00eda<\/strong> granadina, lugar repleto de teter\u00edas y tiendas al m\u00e1s estilo marroqu\u00ed. De todos modos, todos los caminos conducen a Roma, en nuestro caso al centro hist\u00f3rico, si quieres recorrer el m\u00e1ximo de calles con el antiguo entramado, te recomendamos usar la Alhambra como torre vig\u00eda, dir\u00edgete hacia ella y regresar\u00e1s de nuevo a la Plaza Nueva o al r\u00edo Darro, l\u00ednea recta con esta misma plaza.<\/span><\/p>\n<p>&nbsp;<\/p>\n<h2>Sacromonte<\/h2>\n<p><span style=\"font-weight: 400;\">Conocido como el <strong>barrio de los gitanos<\/strong>, de las cuevas, de las Zambras. Es un barrio original que nace a extramuros de la ciudad ya cristiana, son miles de personas las que lo visitan todos los a\u00f1os. <\/span><span style=\"font-weight: 400;\">El principal <strong>asentamiento del Sacromonte<\/strong> se concibe con la llegada de los Reyes Cat\u00f3licos, de su mano lo hac\u00edan los gitanos, aunque la leyenda cuenta que a\u00f1os atr\u00e1s ya cobijaba a los esclavos, poblaci\u00f3n que se asent\u00f3 en esta ladera ante la llegada de Isabel y Fernando, los Reyes Cat\u00f3licos, a finales del siglo XV.<\/span><\/p>\n<p><span style=\"font-weight: 400;\">Aunque el<strong> Sacromonte<\/strong> de hoy es bastante distinto al de los a\u00f1os 20 o 30, a\u00fan podemos descubrir sus cuevas y su flamenco. Ten en cuenta que la evoluci\u00f3n del ser humano ha hecho mella en este barrio, siendo hoy m\u00e1s caracter\u00edsticas las Casas Cueva, casas asentadas sobre la monta\u00f1a, que la cueva en s\u00ed, por ello te recomendamos descubrirla con un gu\u00eda o prepar\u00e1ndote los b\u00e1sicos del barrio. <\/span><\/p>\n<p><span style=\"font-weight: 400;\">De muy f\u00e1cil acceso, volver\u00edamos a escoger la tr\u00edada Plaza Nueva-Carrera del Darro-Paseo de los Tristes, siguiendo la misma carretera y encontrando su entrada en la Cuesta del Chapiz. <\/span><span style=\"font-weight: 400;\">Para visitarlo, ten en encuentra que son dos las v\u00edas principales, una la carretera, misma de doble sentido y ya por la monta\u00f1a, las veredas, antiguos caminos de tierra que comunicaban todo el barrio con la arteria principal pero tambi\u00e9n con el Albayz\u00edn, de hecho hoy ser\u00eda el camino corto, el atajo a pie entre ambos barrios.<\/span><\/p>\n<p><span style=\"font-weight: 400;\">Visita el Museo de las<strong> Cuevas del Sacromonte<\/strong>,\u00a0el Museo Etnol\u00f3gico de la Mujer Gitana, la Abad\u00eda del Sacromonte, final del famoso V\u00eda Crucis que compon\u00eda este Monte Sagrado y edificio b\u00e1sico para los amantes del patrimonio, centro expositivo de textil, imaginer\u00eda, pintura y por supuesto con el propio uso cristiano, claustros, la capilla, las santas cuevas. Para los amantes de la Semana Santa, sede can\u00f3nica de la popular cofrad\u00eda de los Gitanos de Granada.<\/span><\/p>\n<p><img decoding=\"async\" loading=\"lazy\" class=\"aligncenter wp-image-7958 size-full\" title=\"Cuevas del Sacromonte granadino\" src=\"https:\/\/walkingranada.com\/wp-content\/uploads\/2019\/06\/foto-8.jpg.webp\" alt=\"Cuevas del Sacromonte granadino\" width=\"100%\" \/><\/p>\n<p><span style=\"font-weight: 400;\">Al caer la tarde, resurge el flamenco, y es en este barrio donde a\u00fan puedes encontrar la antigua <strong>Zambra granadina<\/strong>, os sonar\u00e1 el Tablao pero Granada no ten\u00eda tablaos, tenemos Zambras, no us\u00e1bamos escenario, se baila al suelo, los clientes no se sentaban frente al escenario, nos sentamos alrededor del espect\u00e1culo, no se interpretaban las buler\u00edas o sevillas, sino la zambra, la cachucha, la mosca o el fandango del Albayz\u00edn, lo nuestro. \u00a0La mayor\u00eda de las cuevas de este barrio son casi centros expositivos de la historia del Sacromonte. Por norma general comienzan su actividad a partir de las 19:00hiras aproximadamente, aunque aqu\u00ed te recomendamos nuestros b\u00e1sicos \ud83e\udc6a<\/span><\/p>\n<p><span style=\"font-weight: 400;\">Y \u00a1NO! No es un barrio peligroso y nos gustar\u00eda dejarlo muy claro. Es hoy considerado uno de los barrios m\u00e1s interculturales de la ciudad, disfr\u00fatalo porque pocos encontrar\u00e1s como este en el mundo.<\/span><\/p>\n<h2>Centro hist\u00f3rico<\/h2>\n<p><span style=\"font-weight: 400;\">La actual ciudad est\u00e1 concebida para comenzar la visita desde el <strong>Centro Hist\u00f3rico<\/strong>. Es el arranque de los principales barrios, es la Plaza Mayor de los granadinos de siempre, por ello resulta muy f\u00e1cil poder descubrir la vida del actual granadino, grandes zonas de tapeo\u2026<\/span><\/p>\n<p><span style=\"font-weight: 400;\">La Granada del siglo XV alcanzaba la zona llana, la muralla Nazar\u00ed llegaba hasta <strong>la Plaza de BIB-Rambla<\/strong>, bajo la Catedral. Como punto de inflexi\u00f3n entre las tres culturas, la evoluci\u00f3n de este barrio tambi\u00e9n ha sido notoria y es lo que nosotros consideramos la Granada Esencial.<\/span><\/p>\n<p><span style=\"font-weight: 400;\">Aunque a\u00fan podemos encontrar patrimonio ligado al Reino de Granada, principalmente en la zona m\u00e1s cercana al Albayz\u00edn y el Realejo, en su mayor\u00eda hablaremos de la Granada cristiana.<\/span><\/p>\n<p>&nbsp;<\/p>\n<p><span style=\"font-weight: 400;\">No os perd\u00e1is el conjunto monumental de <strong>Capilla Real:<\/strong> lugar de enterramiento de los Reyes Cat\u00f3licos, la reina Juana, primera reina de Espa\u00f1a, apodada \u201cLa Loca\u201d y su marido Felipe, \u201cel hermoso\u201d. La Catedral Metropolitana proyectada para albergar el cuerpo del Emperador Carlos I Espa\u00f1a; la antigua Madraza, universidad musulmana que nace en el siglo XIV; a sus pies, la Alcaicer\u00eda, mercado en anta\u00f1o de la seda granadina, hoy mantiene su car\u00e1cter musulm\u00e1n albergando todo tipo de tiendas con artesan\u00edas granadinas y suvenires en general. En el otro lateral, el Corral del Carb\u00f3n, Alh\u00f3ndiga Andalus\u00ed datada del siglo XIV que form\u00f3 parte de un monasterio hasta su conversi\u00f3n en corral de comedias.<\/span><\/p>\n<p><img decoding=\"async\" loading=\"lazy\" class=\"alignnone wp-image-11573 size-full\" src=\"https:\/\/walkingranada.com\/wp-content\/uploads\/2020\/12\/slider-TV.jpg.webp\" alt=\"\" width=\"100%\" \/><\/p>\n<p>&nbsp;<\/p>\n<p><span style=\"font-weight: 400;\">En realidad hay mucho para recomendar, museos que en su interior nos permiten tener \u00a0unas vistas panor\u00e1micas del centro como el Centro Jos\u00e9 Guerrero; el nuevo Centro dedicado a Federico Garc\u00eda Lorca, la Casa Mariana Pineda\u2026 Para los <strong>amantes del patrimonio religioso cristiano<\/strong>, sin lugar a dudas el Monasterio de San Jer\u00f3nimo y la Bas\u00edlica de San Juan de Dios. Como ya hemos hecho previamente, te recomendamos las dos alternativas m\u00e1s f\u00e1ciles de no perderte todo lo que el centro ofrece, una buena visita guiada o acudir a la oficina de turismo, la municipal.<\/span><\/p>\n<p><img decoding=\"async\" loading=\"lazy\" class=\"wp-image-13391 size-full aligncenter\" src=\"https:\/\/walkingranada.com\/wp-content\/uploads\/2019\/06\/tapas-centro-granada.jpg.webp\" alt=\"tapas tras hacer visitas por los barrios de Granada\" width=\"100%\" \/><\/p>\n<p><span style=\"font-weight: 400;\">En lo que a tapas de refiere, ac\u00e9rcate a la zona de calle Elvira, a las inmediaciones del Ayuntamiento de Granada, huyendo de la calle Navas y adentr\u00e1ndote en la zona de San Mat\u00edas (aunque en calle Navas a\u00fan pod\u00e9is encontrar alguno de los bares m\u00e1s cl\u00e1sicos granadinos, la nueva zona local se va moviendo poco a poco). En realidad, si os pon\u00e9is en Puerta Real, eso ya se considera zona granadina, podr\u00edamos recomendaros casi todos los bares de las calles cercanas, como ser\u00eda el caso de calle San Ant\u00f3n.<\/span><\/p>\n<p>&nbsp;<\/p>\n<h2>Realejo<\/h2>\n<p><img decoding=\"async\" loading=\"lazy\" class=\"aligncenter wp-image-7964 size-full\" title=\"El Realejo de Granada\" src=\"https:\/\/walkingranada.com\/wp-content\/uploads\/2019\/06\/foto-13.jpg.webp\" alt=\"El Realejo de Granada\" width=\"100%\" \/><\/p>\n<p><span style=\"font-weight: 400;\">Tradicionalmente conocido como la <strong>antigua juder\u00eda<\/strong>, el Realejo apenas conserva reminiscencias de esta cultura, un peque\u00f1o lienzo de muralla, un peque\u00f1o aljibe pero no un patrimonio real. Esta zona, que se entiende incluso anterior a la Granada musulmana, era de tan peque\u00f1as dimensiones y tan poco poblada durante el siguiente periodo musulm\u00e1n que fue de muy f\u00e1cil conversi\u00f3n ante la llegada de la corona cat\u00f3lica, muchos fueron los conventos, iglesias y palacios que se crearon a partir del siglo XVI.<\/span><\/p>\n<p><span style=\"font-weight: 400;\">Popularmente, hoy se considera Realejo todo lo que habr\u00eda entre el r\u00edo Darro y el R\u00edo Genil, sin contar, claro est\u00e1, con el centro hist\u00f3rico.<\/span><\/p>\n<p><span style=\"font-weight: 400;\">La <strong>Realejo es un barrio<\/strong> muy similar al del Albayz\u00edn, rico en patrimonio, precioso en su entramado y de mejor acceso. Lo que te recomendamos es que busques la plaza del Monumento de las Capitulaciones, a sus espaldas, usa la calle Pavaneras como arteria principal de tu visita.<\/span><\/p>\n<p><span style=\"font-weight: 400;\">Dentro de los b\u00e1sicos del barrio del Realejo, no te olvides visitar el <strong>Camar\u00edn de la Virgen del Rosario<\/strong>, explosi\u00f3n de arquitectura, pintura, escultura del Barroco, uno de esos sitios que te dejar\u00e1n con la boca abierta.<\/span><\/p>\n<p><img decoding=\"async\" loading=\"lazy\" class=\"aligncenter wp-image-7966 size-large\" title=\"Rincones del Realejo\" src=\"https:\/\/walkingranada.com\/wp-content\/uploads\/2019\/06\/Foto-15-1024x576.jpg.webp\" alt=\"Rincones del Realejo\" width=\"100%\" \/><\/p>\n<p><span style=\"font-weight: 400;\">Visita el Cuarto Real de Santo Domingo, la Corrala de Santiago, el Museo Monasterio de las Carmelitas de la Antigua Observancia, el Museo Casa de los Tiros y la Casa Sefard\u00ed. <\/span><\/p>\n<p><span style=\"font-weight: 400;\">Descubre sus rinconcitos, como siempre en Granada, subiendo a trav\u00e9s de las laderas de la monta\u00f1a de la Sabika. No en busca de patrimonio sino en busca de ese entramado primitivo de callejones asim\u00e9tricos y laber\u00ednticos, junto a otras magn\u00edficas vistas de la ciudad y su provincia.<\/span><\/p>\n<p><span style=\"font-weight: 400;\">Por este entramado de calles podr\u00e1s acceder a la cima de la monta\u00f1a, zona del conjunto monumental de la Alhambra y del Generalife. A toda esta zona dedicaremos otra publicaci\u00f3n que podr\u00e9is encontrar en el blog, nos centraremos al menos, en recomendaros los b\u00e1sicos de sus inmediaciones, como ser\u00eda el Carmen de los M\u00e1rtires, Fundaci\u00f3n Rodr\u00edguez Acosta, la Casa Museo Manuel de Falla o incluso el Cementerio de San Jos\u00e9 que ofrece visitas teatralizadas.<\/span><\/p>\n<p><span style=\"font-weight: 400;\">Si quieres tapear, en calle Molinos y en el Campo del Pr\u00edncipe puedes encontrar puntos muy locales, tranquilos y con mucha esencia de la vida de hoy en este barrio.<\/span><\/p>\n<p><span style=\"font-weight: 400;\">Y para terminar una visita de lo m\u00e1s completa nos vamos a trasladar a esos, considerados, nuevos barrios de Granada, el Zaid\u00edn y la Chana.<\/span><\/p>\n<p>&nbsp;<\/p>\n<h2>Zaid\u00edn<\/h2>\n<p><span style=\"font-weight: 400;\">De enormes dimensiones, el barrio zaidinero es muy visitado por los turistas que acuden al <a href=\"https:\/\/www.parqueciencias.com\/\">Parque de las Ciencias<\/a> y sobre todo por locales buscando sus ricas tapas.<\/span><\/p>\n<p><span style=\"font-weight: 400;\">Barrio totalmente autosuficiente, como de los de antes pero con una disposici\u00f3n moderna con edificios m\u00e1s altos y anchas calles.<\/span><\/p>\n<p><span style=\"font-weight: 400;\">La<strong> Parque de las Ciencias<\/strong> Andaluc\u00eda \u2013 Granada es ya uno<\/span><span style=\"font-weight: 400;\"> de los m\u00e1s visitados de nuestro pa\u00eds, se ha convertido en un centro de referencia internacional de la divulgaci\u00f3n cient\u00edfica en el sur de Europa. Muy did\u00e1ctico y apasionante, recomendado tanto para grandes y peque\u00f1os. No te pierdas su nuevo BIODomo, lugar para la concienciaci\u00f3n medio ambiental con especies de Amazonia, Madagascar y el Indo-Pac\u00edfico.\u00a0<\/span><\/p>\n<p><img decoding=\"async\" loading=\"lazy\" class=\"aligncenter wp-image-7967 size-full\" title=\"El Zaid\u00edn\" src=\"https:\/\/walkingranada.com\/wp-content\/uploads\/2019\/06\/foto-16.jpg.webp\" alt=\"El Zaid\u00edn\" width=\"100%\" \/><\/p>\n<p><span style=\"font-weight: 400;\">Muy cerquita del<strong>\u00a0<\/strong><\/span><strong>Parque de las Ciencias<\/strong>, aprovecha y visita el Museo Memoria de Andaluc\u00eda, la evoluci\u00f3n paisaj\u00edstica y humana de nuestra regi\u00f3n, a trav\u00e9s de recursos museogr\u00e1ficos multimedia interactivos y l\u00fadicos de \u00faltima generaci\u00f3n. <span style=\"font-weight: 400;\">Si nos vamos de tapeo os recomendamos zonas como N\u00fa\u00f1ez Blanca, Zaid\u00edn Vergeles o las calles frente al Palacio de Deportes (entre Torre de la P\u00f3lvora y Torre de los Picos) ser\u00edan lugares escondidos para probar el tapeo local.<\/span><\/p>\n<h2>Chana<\/h2>\n<p><span style=\"font-weight: 400;\">La Chana es un barrio obrero, punto gastron\u00f3mico para los amantes de las tapas. \u00a0No eres granadino si no te has ido de tapas a las Torres de la Chana.\u00a0<\/span><span style=\"font-weight: 400;\">Las Torres es un conjunto de calles situadas junto a la entrada del mismo barrio, a trav\u00e9s de carretera de M\u00e1laga, entrando en calle trucha y alrededores.<\/span><\/p>","protected":false},"excerpt":{"rendered":"<p>Visitar barrios de Granada es otra de las formas de descubrir el pasado, presente y futuro de la ciudad. Os compartimos un listado con los barrios emblem\u00e1ticos, esos que no debemos perdernos en nuestra visita, siempre desde una perspectiva local, conectando con el granadino de a pie. Granada recoge su epicentro en el actual centro &#8230; <a title=\"Quartiers de Grenade, ce qu&#039;il faut voir et visiter lors de votre prochain voyage\" class=\"read-more\" href=\"https:\/\/walkingranada.com\/fr\/visitar-barrios-granada\/\" aria-label=\"En savoir plus sur Barrios de Granada, qu\u00e9 ver y visitar en tu pr\u00f3ximo viaje\">Lire la suite<\/a><\/p>","protected":false},"author":2,"featured_media":339,"comment_status":"closed","ping_status":"open","sticky":false,"template":"","format":"standard","meta":{"footnotes":""},"categories":[5,6],"tags":[],"class_list":["post-319","post","type-post","status-publish","format-standard","has-post-thumbnail","hentry","category-blog-espanol","category-guias-de-viaje"],"yoast_head":"<!-- This site is optimized with the Yoast SEO plugin v27.5 - https:\/\/yoast.com\/product\/yoast-seo-wordpress\/ -->\n<title>\u25b7 Visita los barrios de Granada en tu pr\u00f3ximo viaje<\/title>\n<meta name=\"description\" content=\"\u00bfOrganizando tu viaje a Granada? Conoce los diferentes barrios de Granada que har\u00e1n de tu aventura una experiencia inolvidable \ud83d\ude80 \u00a1Te guiamos!\" \/>\n<meta name=\"robots\" content=\"index, follow, max-snippet:-1, max-image-preview:large, max-video-preview:-1\" \/>\n<link rel=\"canonical\" href=\"https:\/\/walkingranada.com\/fr\/visitar-barrios-granada\/\" \/>\n<meta property=\"og:locale\" content=\"fr_FR\" \/>\n<meta property=\"og:type\" content=\"article\" \/>\n<meta property=\"og:title\" content=\"\u25b7 Visita los barrios de Granada en tu pr\u00f3ximo viaje\" \/>\n<meta property=\"og:description\" content=\"\u00bfOrganizando tu viaje a Granada? Conoce los diferentes barrios de Granada que har\u00e1n de tu aventura una experiencia inolvidable \ud83d\ude80 \u00a1Te guiamos!\" \/>\n<meta property=\"og:url\" content=\"https:\/\/walkingranada.com\/fr\/visitar-barrios-granada\/\" \/>\n<meta property=\"og:site_name\" content=\"Walk in Granada\" \/>\n<meta property=\"article:publisher\" content=\"https:\/\/es-es.facebook.com\/walkingranadatour\/\" \/>\n<meta property=\"article:published_time\" content=\"2019-06-05T09:14:53+00:00\" \/>\n<meta property=\"article:modified_time\" content=\"2023-01-18T16:41:17+00:00\" \/>\n<meta property=\"og:image\" content=\"https:\/\/walkingranada.com\/wp-content\/uploads\/2019\/06\/Foto-1.jpg.webp\" \/>\n\t<meta property=\"og:image:width\" content=\"900\" \/>\n\t<meta property=\"og:image:height\" content=\"406\" \/>\n\t<meta property=\"og:image:type\" content=\"image\/jpeg\" \/>\n<meta name=\"author\" content=\"info@walkingranada.com\" \/>\n<meta name=\"twitter:card\" content=\"summary_large_image\" \/>\n<meta name=\"twitter:creator\" content=\"@walkingranada\" \/>\n<meta name=\"twitter:site\" content=\"@walkingranada\" \/>\n<meta name=\"twitter:label1\" content=\"\u00c9crit par\" \/>\n\t<meta name=\"twitter:data1\" content=\"info@walkingranada.com\" \/>\n\t<meta name=\"twitter:label2\" content=\"Dur\u00e9e de lecture estim\u00e9e\" \/>\n\t<meta name=\"twitter:data2\" content=\"13 minutes\" \/>\n<script type=\"application\/ld+json\" class=\"yoast-schema-graph\">{\"@context\":\"https:\\\/\\\/schema.org\",\"@graph\":[{\"@type\":\"Article\",\"@id\":\"https:\\\/\\\/walkingranada.com\\\/visitar-barrios-granada\\\/#article\",\"isPartOf\":{\"@id\":\"https:\\\/\\\/walkingranada.com\\\/visitar-barrios-granada\\\/\"},\"author\":{\"name\":\"info@walkingranada.com\",\"@id\":\"https:\\\/\\\/walkingranada.com\\\/#\\\/schema\\\/person\\\/0e703a18132a7470a6994423f7b21921\"},\"headline\":\"Barrios de Granada, qu\u00e9 ver y visitar en tu pr\u00f3ximo viaje\",\"datePublished\":\"2019-06-05T09:14:53+00:00\",\"dateModified\":\"2023-01-18T16:41:17+00:00\",\"mainEntityOfPage\":{\"@id\":\"https:\\\/\\\/walkingranada.com\\\/visitar-barrios-granada\\\/\"},\"wordCount\":2559,\"publisher\":{\"@id\":\"https:\\\/\\\/walkingranada.com\\\/#organization\"},\"image\":{\"@id\":\"https:\\\/\\\/walkingranada.com\\\/visitar-barrios-granada\\\/#primaryimage\"},\"thumbnailUrl\":\"https:\\\/\\\/walkingranada.com\\\/wp-content\\\/uploads\\\/2019\\\/06\\\/Foto-1.jpg.webp\",\"articleSection\":[\"Blog-espa\u00f1ol\",\"Gu\u00edas de viaje\"],\"inLanguage\":\"fr-FR\"},{\"@type\":\"WebPage\",\"@id\":\"https:\\\/\\\/walkingranada.com\\\/visitar-barrios-granada\\\/\",\"url\":\"https:\\\/\\\/walkingranada.com\\\/visitar-barrios-granada\\\/\",\"name\":\"\u25b7 Visita los barrios de Granada en tu pr\u00f3ximo viaje\",\"isPartOf\":{\"@id\":\"https:\\\/\\\/walkingranada.com\\\/#website\"},\"primaryImageOfPage\":{\"@id\":\"https:\\\/\\\/walkingranada.com\\\/visitar-barrios-granada\\\/#primaryimage\"},\"image\":{\"@id\":\"https:\\\/\\\/walkingranada.com\\\/visitar-barrios-granada\\\/#primaryimage\"},\"thumbnailUrl\":\"https:\\\/\\\/walkingranada.com\\\/wp-content\\\/uploads\\\/2019\\\/06\\\/Foto-1.jpg.webp\",\"datePublished\":\"2019-06-05T09:14:53+00:00\",\"dateModified\":\"2023-01-18T16:41:17+00:00\",\"description\":\"\u00bfOrganizando tu viaje a Granada? Conoce los diferentes barrios de Granada que har\u00e1n de tu aventura una experiencia inolvidable \ud83d\ude80 \u00a1Te guiamos!\",\"breadcrumb\":{\"@id\":\"https:\\\/\\\/walkingranada.com\\\/visitar-barrios-granada\\\/#breadcrumb\"},\"inLanguage\":\"fr-FR\",\"potentialAction\":[{\"@type\":\"ReadAction\",\"target\":[\"https:\\\/\\\/walkingranada.com\\\/visitar-barrios-granada\\\/\"]}]},{\"@type\":\"ImageObject\",\"inLanguage\":\"fr-FR\",\"@id\":\"https:\\\/\\\/walkingranada.com\\\/visitar-barrios-granada\\\/#primaryimage\",\"url\":\"https:\\\/\\\/walkingranada.com\\\/wp-content\\\/uploads\\\/2019\\\/06\\\/Foto-1.jpg.webp\",\"contentUrl\":\"https:\\\/\\\/walkingranada.com\\\/wp-content\\\/uploads\\\/2019\\\/06\\\/Foto-1.jpg.webp\",\"width\":900,\"height\":406,\"caption\":\"albayc\u00edn\"},{\"@type\":\"BreadcrumbList\",\"@id\":\"https:\\\/\\\/walkingranada.com\\\/visitar-barrios-granada\\\/#breadcrumb\",\"itemListElement\":[{\"@type\":\"ListItem\",\"position\":1,\"name\":\"Portada\",\"item\":\"https:\\\/\\\/walkingranada.com\\\/\"},{\"@type\":\"ListItem\",\"position\":2,\"name\":\"Barrios de Granada, qu\u00e9 ver y visitar en tu pr\u00f3ximo viaje\"}]},{\"@type\":\"WebSite\",\"@id\":\"https:\\\/\\\/walkingranada.com\\\/#website\",\"url\":\"https:\\\/\\\/walkingranada.com\\\/\",\"name\":\"Walk in Granada\",\"description\":\"Turismo responsable\",\"publisher\":{\"@id\":\"https:\\\/\\\/walkingranada.com\\\/#organization\"},\"alternateName\":\"Walk in Granada\",\"potentialAction\":[{\"@type\":\"SearchAction\",\"target\":{\"@type\":\"EntryPoint\",\"urlTemplate\":\"https:\\\/\\\/walkingranada.com\\\/?s={search_term_string}\"},\"query-input\":{\"@type\":\"PropertyValueSpecification\",\"valueRequired\":true,\"valueName\":\"search_term_string\"}}],\"inLanguage\":\"fr-FR\"},{\"@type\":\"Organization\",\"@id\":\"https:\\\/\\\/walkingranada.com\\\/#organization\",\"name\":\"Walk In Granada\",\"alternateName\":\"Walk In Granada\",\"url\":\"https:\\\/\\\/walkingranada.com\\\/\",\"logo\":{\"@type\":\"ImageObject\",\"inLanguage\":\"fr-FR\",\"@id\":\"https:\\\/\\\/walkingranada.com\\\/#\\\/schema\\\/logo\\\/image\\\/\",\"url\":\"https:\\\/\\\/walkingranada.com\\\/wp-content\\\/uploads\\\/2022\\\/12\\\/Logo-Walking.webp\",\"contentUrl\":\"https:\\\/\\\/walkingranada.com\\\/wp-content\\\/uploads\\\/2022\\\/12\\\/Logo-Walking.webp\",\"width\":512,\"height\":512,\"caption\":\"Walk In Granada\"},\"image\":{\"@id\":\"https:\\\/\\\/walkingranada.com\\\/#\\\/schema\\\/logo\\\/image\\\/\"},\"sameAs\":[\"https:\\\/\\\/es-es.facebook.com\\\/walkingranadatour\\\/\",\"https:\\\/\\\/x.com\\\/walkingranada\",\"https:\\\/\\\/www.instagram.com\\\/walkingranada\\\/\"]},{\"@type\":\"Person\",\"@id\":\"https:\\\/\\\/walkingranada.com\\\/#\\\/schema\\\/person\\\/0e703a18132a7470a6994423f7b21921\",\"name\":\"info@walkingranada.com\"}]}<\/script>\n<!-- \/ Yoast SEO plugin. -->","yoast_head_json":{"title":"\u25b7 Visita los barrios de Granada en tu pr\u00f3ximo viaje","description":"\u00bfOrganizando tu viaje a Granada? Conoce los diferentes barrios de Granada que har\u00e1n de tu aventura una experiencia inolvidable \ud83d\ude80 \u00a1Te guiamos!","robots":{"index":"index","follow":"follow","max-snippet":"max-snippet:-1","max-image-preview":"max-image-preview:large","max-video-preview":"max-video-preview:-1"},"canonical":"https:\/\/walkingranada.com\/fr\/visitar-barrios-granada\/","og_locale":"fr_FR","og_type":"article","og_title":"\u25b7 Visita los barrios de Granada en tu pr\u00f3ximo viaje","og_description":"\u00bfOrganizando tu viaje a Granada? Conoce los diferentes barrios de Granada que har\u00e1n de tu aventura una experiencia inolvidable \ud83d\ude80 \u00a1Te guiamos!","og_url":"https:\/\/walkingranada.com\/fr\/visitar-barrios-granada\/","og_site_name":"Walk in Granada","article_publisher":"https:\/\/es-es.facebook.com\/walkingranadatour\/","article_published_time":"2019-06-05T09:14:53+00:00","article_modified_time":"2023-01-18T16:41:17+00:00","og_image":[{"width":900,"height":406,"url":"https:\/\/walkingranada.com\/wp-content\/uploads\/2019\/06\/Foto-1.jpg.webp","type":"image\/jpeg"}],"author":"info@walkingranada.com","twitter_card":"summary_large_image","twitter_creator":"@walkingranada","twitter_site":"@walkingranada","twitter_misc":{"\u00c9crit par":"info@walkingranada.com","Dur\u00e9e de lecture estim\u00e9e":"13 minutes"},"schema":{"@context":"https:\/\/schema.org","@graph":[{"@type":"Article","@id":"https:\/\/walkingranada.com\/visitar-barrios-granada\/#article","isPartOf":{"@id":"https:\/\/walkingranada.com\/visitar-barrios-granada\/"},"author":{"name":"info@walkingranada.com","@id":"https:\/\/walkingranada.com\/#\/schema\/person\/0e703a18132a7470a6994423f7b21921"},"headline":"Barrios de Granada, qu\u00e9 ver y visitar en tu pr\u00f3ximo viaje","datePublished":"2019-06-05T09:14:53+00:00","dateModified":"2023-01-18T16:41:17+00:00","mainEntityOfPage":{"@id":"https:\/\/walkingranada.com\/visitar-barrios-granada\/"},"wordCount":2559,"publisher":{"@id":"https:\/\/walkingranada.com\/#organization"},"image":{"@id":"https:\/\/walkingranada.com\/visitar-barrios-granada\/#primaryimage"},"thumbnailUrl":"https:\/\/walkingranada.com\/wp-content\/uploads\/2019\/06\/Foto-1.jpg.webp","articleSection":["Blog-espa\u00f1ol","Gu\u00edas de viaje"],"inLanguage":"fr-FR"},{"@type":"WebPage","@id":"https:\/\/walkingranada.com\/visitar-barrios-granada\/","url":"https:\/\/walkingranada.com\/visitar-barrios-granada\/","name":"\u25b7 Visita los barrios de Granada en tu pr\u00f3ximo viaje","isPartOf":{"@id":"https:\/\/walkingranada.com\/#website"},"primaryImageOfPage":{"@id":"https:\/\/walkingranada.com\/visitar-barrios-granada\/#primaryimage"},"image":{"@id":"https:\/\/walkingranada.com\/visitar-barrios-granada\/#primaryimage"},"thumbnailUrl":"https:\/\/walkingranada.com\/wp-content\/uploads\/2019\/06\/Foto-1.jpg.webp","datePublished":"2019-06-05T09:14:53+00:00","dateModified":"2023-01-18T16:41:17+00:00","description":"\u00bfOrganizando tu viaje a Granada? Conoce los diferentes barrios de Granada que har\u00e1n de tu aventura una experiencia inolvidable \ud83d\ude80 \u00a1Te guiamos!","breadcrumb":{"@id":"https:\/\/walkingranada.com\/visitar-barrios-granada\/#breadcrumb"},"inLanguage":"fr-FR","potentialAction":[{"@type":"ReadAction","target":["https:\/\/walkingranada.com\/visitar-barrios-granada\/"]}]},{"@type":"ImageObject","inLanguage":"fr-FR","@id":"https:\/\/walkingranada.com\/visitar-barrios-granada\/#primaryimage","url":"https:\/\/walkingranada.com\/wp-content\/uploads\/2019\/06\/Foto-1.jpg.webp","contentUrl":"https:\/\/walkingranada.com\/wp-content\/uploads\/2019\/06\/Foto-1.jpg.webp","width":900,"height":406,"caption":"albayc\u00edn"},{"@type":"BreadcrumbList","@id":"https:\/\/walkingranada.com\/visitar-barrios-granada\/#breadcrumb","itemListElement":[{"@type":"ListItem","position":1,"name":"Portada","item":"https:\/\/walkingranada.com\/"},{"@type":"ListItem","position":2,"name":"Barrios de Granada, qu\u00e9 ver y visitar en tu pr\u00f3ximo viaje"}]},{"@type":"WebSite","@id":"https:\/\/walkingranada.com\/#website","url":"https:\/\/walkingranada.com\/","name":"Walk in Granada","description":"Turismo responsable","publisher":{"@id":"https:\/\/walkingranada.com\/#organization"},"alternateName":"Walk in Granada","potentialAction":[{"@type":"SearchAction","target":{"@type":"EntryPoint","urlTemplate":"https:\/\/walkingranada.com\/?s={search_term_string}"},"query-input":{"@type":"PropertyValueSpecification","valueRequired":true,"valueName":"search_term_string"}}],"inLanguage":"fr-FR"},{"@type":"Organization","@id":"https:\/\/walkingranada.com\/#organization","name":"Walk In Granada","alternateName":"Walk In Granada","url":"https:\/\/walkingranada.com\/","logo":{"@type":"ImageObject","inLanguage":"fr-FR","@id":"https:\/\/walkingranada.com\/#\/schema\/logo\/image\/","url":"https:\/\/walkingranada.com\/wp-content\/uploads\/2022\/12\/Logo-Walking.webp","contentUrl":"https:\/\/walkingranada.com\/wp-content\/uploads\/2022\/12\/Logo-Walking.webp","width":512,"height":512,"caption":"Walk In Granada"},"image":{"@id":"https:\/\/walkingranada.com\/#\/schema\/logo\/image\/"},"sameAs":["https:\/\/es-es.facebook.com\/walkingranadatour\/","https:\/\/x.com\/walkingranada","https:\/\/www.instagram.com\/walkingranada\/"]},{"@type":"Person","@id":"https:\/\/walkingranada.com\/#\/schema\/person\/0e703a18132a7470a6994423f7b21921","name":"info@walkingranada.com"}]}},"_links":{"self":[{"href":"https:\/\/walkingranada.com\/fr\/wp-json\/wp\/v2\/posts\/319","targetHints":{"allow":["GET"]}}],"collection":[{"href":"https:\/\/walkingranada.com\/fr\/wp-json\/wp\/v2\/posts"}],"about":[{"href":"https:\/\/walkingranada.com\/fr\/wp-json\/wp\/v2\/types\/post"}],"author":[{"embeddable":true,"href":"https:\/\/walkingranada.com\/fr\/wp-json\/wp\/v2\/users\/2"}],"replies":[{"embeddable":true,"href":"https:\/\/walkingranada.com\/fr\/wp-json\/wp\/v2\/comments?post=319"}],"version-history":[{"count":0,"href":"https:\/\/walkingranada.com\/fr\/wp-json\/wp\/v2\/posts\/319\/revisions"}],"wp:featuredmedia":[{"embeddable":true,"href":"https:\/\/walkingranada.com\/fr\/wp-json\/wp\/v2\/media\/339"}],"wp:attachment":[{"href":"https:\/\/walkingranada.com\/fr\/wp-json\/wp\/v2\/media?parent=319"}],"wp:term":[{"taxonomy":"category","embeddable":true,"href":"https:\/\/walkingranada.com\/fr\/wp-json\/wp\/v2\/categories?post=319"},{"taxonomy":"post_tag","embeddable":true,"href":"https:\/\/walkingranada.com\/fr\/wp-json\/wp\/v2\/tags?post=319"}],"curies":[{"name":"wp","href":"https:\/\/api.w.org\/{rel}","templated":true}]}}