{"id":308,"date":"2019-06-05T11:13:58","date_gmt":"2019-06-05T11:13:58","guid":{"rendered":"https:\/\/factum-omibu.es\/walkin\/?p=7978"},"modified":"2023-01-18T16:41:21","modified_gmt":"2023-01-18T16:41:21","slug":"visita-alhambra-granada","status":"publish","type":"post","link":"https:\/\/walkingranada.com\/fr\/visita-alhambra-granada\/","title":{"rendered":"Visite de l'Alhambra \u00e0 Granada"},"content":{"rendered":"<p><span style=\"font-weight: 400;\">Como no podr\u00eda ser de otra forma, este b\u00e1sico a nivel nacional tambi\u00e9n debe estar bien representado en nuestro blog. A continuaci\u00f3n vamos a hablar sobre qu\u00e9 es, c\u00f3mo visitar la Alhambra de Granada, los b\u00e1sicos del conjunto monumental, los famosos <strong>Alhambra tickets<\/strong> y c\u00f3mo asegurarte de conseguirlos.<\/span><\/p>\n<p><span style=\"font-weight: 400;\">La Alhambra es uno de los monumentos m\u00e1s visitados de toda Espa\u00f1a, m\u00e1s de 2.700.000 visitantes recorrieron sus Palacios y jardines en 2018. Y es normal, esta es la \u00fanica ciudad palatina de \u00e9poca isl\u00e1mica que se ha conservado hasta nuestros d\u00edas.<\/span><\/p>\n<p><span style=\"font-weight: 400;\">Ciudad dentro de otra, la Alhambra nace a partir del siglo XIII. Hizo las veces de medina, residencia real y fortaleza, cobijando en su interior a la \u00faltima dinast\u00eda que reinar\u00eda en el Reino de Granada, la Dinast\u00eda Nazar\u00ed.<\/span><\/p>\n<p><span style=\"font-weight: 400;\">Enclavada en el cerro de la Sabika, lugar estrat\u00e9gico sobre la misma ciudad, el Valle del Darro y por supuesto la Vega Granadina, hac\u00edan de ella una ciudad casi inalcanzable.<\/span><\/p>\n<p><span style=\"font-weight: 400;\">Tanto hacer un<strong> tour de la Alhambra<\/strong> con gu\u00eda como por vuestra cuenta \u00a1Este conjunto no os dejar\u00e1 indiferentes!<\/span><\/p>\n<h2><span style=\"font-weight: 400;\">La Alhambra de Granada<\/span><\/h2>\n<p><span style=\"font-weight: 400;\">La <strong>Alhambra<\/strong> et le <strong>Generalife<\/strong> componen un conjunto de m\u00e1s de 2km de antigua ciudadela, lugar de residencia no solo de sultanes, tambi\u00e9n miembros de la corte, militares y pueblo, m\u00e1s de 2000 personas resid\u00edan en su interior.<\/span><\/p>\n<p><span style=\"font-weight: 400;\">Al-Ahmar, fundador de la dinast\u00eda nazar\u00ed, decide reconstruir unos antiguos cimientos del siglo XI que serv\u00edan como basti\u00f3n protector de la antigua Granada, reconstruy\u00f3 y adapt\u00f3 los cimientos de la primera alcazaba, de \u00e9poca Zir\u00ed. <\/span><\/p>\n<p><span style=\"font-weight: 400;\">Palacios, jardines, casa de verano, la ciudad y zona militar ser\u00edan los conjuntos principales de la Alhambra de la \u00e9poca, tal era su importancia que se dec\u00eda que no se podr\u00eda conquistar Granada sin haber conquistado la <strong>Alhambra<\/strong>, ese fue el principal problema de los Reyes Cat\u00f3licos y su Toma de la ciudad.<\/span><\/p>\n<h3><strong>Alcazaba<\/strong><\/h3>\n<p><span style=\"font-weight: 400;\">Residencia de los militares de la Alhambra, zona de mejor visibilidad para la protecci\u00f3n de la ciudad, es reconocida desde cada rinc\u00f3n de Granada por la gran Torre de la Vela, m\u00e1s de 28 metros de alto de torre. Este nombre, \u201cLa Vela\u201d, fue dado por la primera campana tra\u00edda por los mismos Reyes Cat\u00f3licos en su conquista de Granada, siendo tocada durante al menos una semana para mandar el mensaje de victoria sobre el Islam, \u201cla que vela, la que cuida de Granada\u201d.<\/span><\/p>\n<p><img decoding=\"async\" loading=\"lazy\" class=\"aligncenter wp-image-7985 size-full\" title=\"torre de la vela\" src=\"https:\/\/walkingranada.com\/wp-content\/uploads\/2019\/06\/torredelavela.jpg.webp\" alt=\"torre de la vela\" width=\"100%\" \/><\/p>\n<p><span style=\"font-weight: 400;\">Como curiosidad, dentro de las tradiciones granadinas, si quieres casarte debes subir a la Alhambra el 2 de enero, conmemoraci\u00f3n del d\u00eda de la Toma, y tocar esta campana hasta en 3 ocasiones, tal es esta tradici\u00f3n que el mismo <strong>Patronato de la Alhambra<\/strong> permite el acceso a esta zona del recinto de forma gratuita.<\/span><\/p>\n<h3>Palais Nasrides<\/h3>\n<p><span style=\"font-weight: 400;\">Residencia de los <strong>Reyes de Granada<\/strong>, aunque su construcci\u00f3n comenzar\u00eda en el siglo XIII, el patrimonio del que hoy podemos disfrutar, principalmente, comienza un siglo m\u00e1s tarde.<\/span><\/p>\n<p><span style=\"font-weight: 400;\">No has visitado la Alhambra hasta que no accedes a los <strong>Palais Nasrides<\/strong>, este antiguo dicho granadino define a la perfecci\u00f3n la importancia de la residencia real en el conjunto monumental.<\/span><\/p>\n<p><span style=\"font-weight: 400;\">Tres son los palacios que conforman este reciento, el Mexuar, el Palacio de Comares y el Palacio de los Leones. Cada emir constru\u00eda su propio palacio y siempre intentando mejorar al anterior, es por ello que en nuestra visita pasearemos por suntuosos palacios, ricos en motivos decorativos, moc\u00e1rabes, frisos, estucos; grandes patios con impresionantes albercas\u2026 El agua, magn\u00edficamente representada en la Alhambra, qu\u00e9 s\u00edmbolo tan importante para la mayor\u00eda de culturas pero en especial para el Islam.<\/span><\/p>\n<p><img decoding=\"async\" loading=\"lazy\" class=\"wp-image-13385 size-full aligncenter\" src=\"https:\/\/walkingranada.com\/wp-content\/uploads\/2019\/06\/palacios-nazaries-granada.jpg.webp\" alt=\"palacios nazar\u00edes visita a la alhambra\" width=\"100%\" \/><\/p>\n<p><span style=\"font-weight: 400;\"><strong>Mexuar<\/strong>, lugar de encuentro para el consejo de ministros, aunque durante el mismo per\u00edodo nazar\u00ed fueron varias sus modificaciones decorativas, lo que m\u00e1s nos llama la atenci\u00f3n es la evoluci\u00f3n castellana de su interior, convirti\u00e9ndolo en el siglo XVI en una capilla con su propio coro alto y rebajando su suelo en el siglo pasado para facilitar su visita.<\/span><\/p>\n<p><span style=\"font-weight: 400;\"><strong>Palacio de Comares<\/strong>, residencia del monarca, este palacio se divisa muy r\u00e1pido desde el exterior de la Alhambra por ser, sin duda alguna, el torre\u00f3n m\u00e1s alto de todo el conjunto monumental. Siguiendo la tradici\u00f3n, se construy\u00f3 en torno al Patio de los Arrayanes, compuesta por la Sala de la Barca y la Sala de los Embajadores, aunque tambi\u00e9n forman parte el Cuarto Dorado, los ba\u00f1os y la Madraza de los Pr\u00edncipes. Fue residencia de Yusuf I, aunque cuentan las cr\u00f3nicas que probablemente no pudo verlo terminado.<\/span><\/p>\n<p><span style=\"font-weight: 400;\"><strong>Palais des Lions<\/strong>, el m\u00e1s reconocido a nivel internacional por su famosa Fuente de los Leones. Este palacio, cumbre de la arquitectura Nazar\u00ed, fue mandado construir por el sult\u00e1n Muhammad V en el siglo XIV. <\/span><\/p>\n<p><span style=\"font-weight: 400;\">Gira en torno a un patio central con m\u00e1s de 120 columnas rodeando la impresionante fuente. Da acceso a las monumentales Sala de Moc\u00e1rabes, la Sala de Abencerrajes, la Sala de los Reyes y la Sala de Dos Hermanas.<\/span><\/p>\n<p><span style=\"font-weight: 400;\">La famosa fuente de rico m\u00e1rmol, tiene su origen en el \u201cMar de Bronce\u201d. Si nos trasladamos a la Biblia, la narrativa nos relata una antigua fuente compuesta por 12 toros, las 12 tribus de Israel, sosteniendo una gran taza, por supuesto en el caso de Granada con leones, pero si nos fijamos en dos de ellos podremos ver un tri\u00e1ngulo en su frente, se\u00f1alando que son de la tribu de Jud\u00e1 y la tribu de Levi.<\/span><\/p>\n<p><span style=\"font-weight: 400;\">Aunque el patio ha sido muy modificado a lo largo de los siglos, hoy tenemos el privilegio de disfrutar de la concepci\u00f3n m\u00e1s similar a lo que los cronistas narraron en la \u00e9poca.<\/span><\/p>\n<h3>Generalife<\/h3>\n<p><span style=\"font-weight: 400;\">La <strong>Generalife<\/strong>, almunia datada entre los siglos XII y XIV, es conocido por su palacio, jardines y huertas. Fue concebido como casa de recreo de la realeza, de desconexi\u00f3n, aunque todo cambiar\u00eda con la llegada de los Reyes Cat\u00f3licos, pasando a ser la casa del alcaide, m\u00e1s tarde palacio de los marqueses de Campot\u00e9jar hasta que en el siglo XX se consigui\u00f3 recuperar y forma parte hoy de todo el conjunto monumental.<\/span><\/p>\n<p><img decoding=\"async\" loading=\"lazy\" class=\"aligncenter wp-image-7987 size-large\" src=\"https:\/\/walkingranada.com\/wp-content\/uploads\/2019\/06\/generalife1-1024x538.jpg.webp\" alt=\"\" width=\"100%\" \/><\/p>\n<p><span style=\"font-weight: 400;\"><strong>En las huertas y jardines de la Alhambra<\/strong> encontraremos reminiscencias del legado Nazar\u00ed pero tambi\u00e9n del renacimiento, el barroco y como no, el amado Romanticismo, es importante saber que el uso para el que fueron creadas en anta\u00f1o se ha seguido manteniendo hasta nuestros d\u00edas o al menos una parte del mismo.<\/span><\/p>\n<h3>La medina<\/h3>\n<p><span style=\"font-weight: 400;\">Y por supuesto, la ciudad. Como os dec\u00edamos al principio, en anta\u00f1o la Alhambra fue una ciudad palatina, preparada para funcionar de forma autosuficiente. Mezquita, hammans, comercios, madrazza, aunque no todo ha llegado a nuestros d\u00edas, a\u00fan se conserva parte de este patrimonio abierto al p\u00fablico, como as\u00ed fue concebido.\u00a0<\/span><\/p>\n<p><img decoding=\"async\" loading=\"lazy\" class=\"wp-image-13387 size-full aligncenter\" src=\"https:\/\/walkingranada.com\/wp-content\/uploads\/2019\/06\/palacio-carlos-v-granada.jpg.webp\" alt=\"imagen del palacio de carlos V en Granada\" width=\"100%\" \/><\/p>\n<p><span style=\"font-weight: 400;\">Tambi\u00e9n os llamar\u00e1 mucho la atenci\u00f3n un gran palacio manierista encajonado en su interior, el <strong>Palacio del Emperador Carlos V<\/strong>\u00a0(imagen adjuntada justo arriba), aunque nunca llegar\u00eda a tener un uso de residencia, de hecho fue en el siglo pasado cuando se finalizaron sus techos, siendo su primer oficial uso como Museo de las Bellas Artes de Granada. Os recomendamos pasaros por el Parador de San Francisco, este elegante hotel fue en su d\u00eda el Monasterio de los Franciscanos, a\u00fan alberga en su interior la placa conmemorativa y las capillas originales donde la misma reina Isabel de Castilla pidi\u00f3 ser enterrada, yaciendo hoy sus restos en la Capilla Real de Granada.<\/span><\/p>\n<h2><span style=\"font-weight: 400;\">\u00bfC\u00f3mo visitar la Alhambra?<\/span><\/h2>\n<p><span style=\"font-weight: 400;\">Muchas son las alternativas que nos facilitan la<strong> visita a la Alhambra de Granada<\/strong>, aunque solo una hace que sea una peripecia poder llegar a encontrarla, reserva siempre tu entrada o una visita guiada porque en destino es pr\u00e1cticamente imposible. Todo depende de la temporada, pero en ocasiones reservar tu entrada o visita requiere hasta dos meses de antelaci\u00f3n.<\/span><\/p>\n<p><span style=\"font-weight: 400;\">Para acceder a la Alhambra podr\u00edas subir andando por el famoso<strong> bosque de la Alhambra<\/strong>, comenzando en la Plaza Nueva y subiendo a trav\u00e9s de <a href=\"https:\/\/www.google.com\/maps\/place\/Cta.+de+Gom%C3%A9rez,+18009+Granada\/@37.1757795,-3.5913922,17z\/data=!3m1!4b1!4m5!3m4!1s0xd71fcb8fb389def:0xccd01baf476e1b24!8m2!3d37.1757795!4d-3.5913922\">Cuesta de Gom\u00e9rez<\/a>, entre 15 y 20 minutos en llegar a las entradas el monumento.<\/span><\/p>\n<p><span style=\"font-weight: 400;\">Tambi\u00e9n la l\u00ednea de <strong>autobus C30<\/strong> tiene parada en otra calle muy cerca de la Plaza Nueva, unos metros m\u00e1s abajo encontrar\u00e1s la estatua de Isabel la Cat\u00f3lica (Monumento a las Capitulaciones), junto a ella la calle Pavaneras, justo al principio la encontrar\u00e1s. <\/span><\/p>\n<p><span style=\"font-weight: 400;\">Todo depende del tipo de visita que escojas, en caso de comprar las entradas por tu cuenta, el horario especificado en el ticket de la Alhambra es tan solo para la <strong>visita de los Palacios Nazar\u00edes<\/strong>. La Alhambra, como ya indic\u00e1bamos, est\u00e1 principalmente dividida en Alcazaba, Palacios Nazar\u00edes, Generalife y la medina, el acceso gratuito, siendo la visita general desde las 8:00 AM hasta las 6:00 pm u 8:00\u202fPM dependiendo de la estaci\u00f3n, y siendo solo Palacios Nazar\u00edes en el horario descrito en esa entrada.<\/span><\/p>\n<p><span style=\"font-weight: 400;\">Por tanto, tambi\u00e9n la forma de visitar este conjunto variar\u00e1 dependiendo de la hora de Palacios Nazar\u00edes. Por poneros un ejemplo en el horario de verano, si los Palacios los ten\u00e9is contratados para visitarlos a las 19:00h. Supone que el resto de la Alhambra deb\u00e9is visitarlo antes. Como media, podr\u00edamos dedicar una hora por cada zona, quiz\u00e1s en la zona gratuita algo m\u00e1s, es decir, una hora buena de comienzo de visita ser\u00eda a las 4:00PM como tarde, aunque si eres amante del arte, perder un d\u00eda completo algunos lo ven excesivo, otros muy necesarios.<\/span><\/p>\n<h2><span style=\"font-weight: 400;\">Visita guiada a la Alhambra<\/span><\/h2>\n<p>Aunque sin lugar a dudas, lo mejor es siempre hacer un<a href=\"https:\/\/walkingranada.com\/fr\/alhambra\/visite-guidee-avec-entree-alhambra\/\"><strong> tour de la Alhambra con un gu\u00eda oficial<\/strong><\/a>, cada rinc\u00f3n, cada motivo decorativo o pigmento tiene un motivo y ahorrar\u00e9is en tiempo.<\/p>\n<p style=\"text-align: center;\"><img decoding=\"async\" loading=\"lazy\" class=\"alignnone wp-image-13388 size-full\" src=\"https:\/\/walkingranada.com\/wp-content\/uploads\/2019\/06\/visitar-alhambra-granada.jpg.webp\" alt=\"foto de la alhambra desde el mirador de San Nicol\u00e1s\" width=\"100%\" \/><\/p>\n<p><span style=\"font-weight: 400;\">Pod\u00e9is encontrar todo tipo de <strong>Alhambra tours<\/strong>, los que son privados o grupales para las principales estancias pero tambi\u00e9n existen otro tipo de tours, \u201cEntorno Alhambra\u201d complementarios a los primeros.<\/span><\/p>\n<p><span style=\"font-weight: 400;\">Por norma general, visitar la Alhambra con un gu\u00eda para ti solo no sale tan econ\u00f3mico como solemos pensar, por ello unirte a un grupo con tu propio pinganillo es una alternativa m\u00e1s que recomendable.<\/span><\/p>","protected":false},"excerpt":{"rendered":"<p>Como no podr\u00eda ser de otra forma, este b\u00e1sico a nivel nacional tambi\u00e9n debe estar bien representado en nuestro blog. A continuaci\u00f3n vamos a hablar sobre qu\u00e9 es, c\u00f3mo visitar la Alhambra de Granada, los b\u00e1sicos del conjunto monumental, los famosos Alhambra tickets y c\u00f3mo asegurarte de conseguirlos. La Alhambra es uno de los monumentos &#8230; <a title=\"Visite de l&#039;Alhambra \u00e0 Granada\" class=\"read-more\" href=\"https:\/\/walkingranada.com\/fr\/visita-alhambra-granada\/\" aria-label=\"En savoir plus sur Visita la Alhambra de Granada\">Lire la suite<\/a><\/p>","protected":false},"author":2,"featured_media":309,"comment_status":"closed","ping_status":"open","sticky":false,"template":"","format":"standard","meta":{"footnotes":""},"categories":[5,6],"tags":[],"class_list":["post-308","post","type-post","status-publish","format-standard","has-post-thumbnail","hentry","category-blog-espanol","category-guias-de-viaje"],"yoast_head":"<!-- This site is optimized with the Yoast SEO plugin v27.5 - https:\/\/yoast.com\/product\/yoast-seo-wordpress\/ -->\n<title>\u2705 Visita la Alhambra de Granada<\/title>\n<meta name=\"description\" content=\"Visita la Alhambra de Granada, un palacio \u00e1rabe que te dejar\u00e1 sorprendido y har\u00e1 de tu viaje una experiencia m\u00e1gica \ud83d\udcab\" \/>\n<meta name=\"robots\" content=\"index, follow, max-snippet:-1, max-image-preview:large, max-video-preview:-1\" \/>\n<link rel=\"canonical\" href=\"https:\/\/walkingranada.com\/fr\/visita-alhambra-granada\/\" \/>\n<meta property=\"og:locale\" content=\"fr_FR\" \/>\n<meta property=\"og:type\" content=\"article\" \/>\n<meta property=\"og:title\" content=\"\u2705 Visita la Alhambra de Granada\" \/>\n<meta property=\"og:description\" content=\"Visita la Alhambra de Granada, un palacio \u00e1rabe que te dejar\u00e1 sorprendido y har\u00e1 de tu viaje una experiencia m\u00e1gica \ud83d\udcab\" \/>\n<meta property=\"og:url\" content=\"https:\/\/walkingranada.com\/fr\/visita-alhambra-granada\/\" \/>\n<meta property=\"og:site_name\" content=\"Walk in Granada\" \/>\n<meta property=\"article:publisher\" content=\"https:\/\/es-es.facebook.com\/walkingranadatour\/\" \/>\n<meta property=\"article:published_time\" content=\"2019-06-05T11:13:58+00:00\" \/>\n<meta property=\"article:modified_time\" content=\"2023-01-18T16:41:21+00:00\" \/>\n<meta property=\"og:image\" content=\"https:\/\/walkingranada.com\/wp-content\/uploads\/2019\/06\/visitar-alhambra-granada.jpg.webp\" \/>\n\t<meta property=\"og:image:width\" content=\"800\" \/>\n\t<meta property=\"og:image:height\" content=\"534\" \/>\n\t<meta property=\"og:image:type\" content=\"image\/jpeg\" \/>\n<meta name=\"author\" content=\"info@walkingranada.com\" \/>\n<meta name=\"twitter:card\" content=\"summary_large_image\" \/>\n<meta name=\"twitter:creator\" content=\"@walkingranada\" \/>\n<meta name=\"twitter:site\" content=\"@walkingranada\" \/>\n<meta name=\"twitter:label1\" content=\"\u00c9crit par\" \/>\n\t<meta name=\"twitter:data1\" content=\"info@walkingranada.com\" \/>\n\t<meta name=\"twitter:label2\" content=\"Dur\u00e9e de lecture estim\u00e9e\" \/>\n\t<meta name=\"twitter:data2\" content=\"9 minutes\" \/>\n<script type=\"application\/ld+json\" class=\"yoast-schema-graph\">{\"@context\":\"https:\\\/\\\/schema.org\",\"@graph\":[{\"@type\":\"Article\",\"@id\":\"https:\\\/\\\/walkingranada.com\\\/visita-alhambra-granada\\\/#article\",\"isPartOf\":{\"@id\":\"https:\\\/\\\/walkingranada.com\\\/visita-alhambra-granada\\\/\"},\"author\":{\"name\":\"info@walkingranada.com\",\"@id\":\"https:\\\/\\\/walkingranada.com\\\/#\\\/schema\\\/person\\\/0e703a18132a7470a6994423f7b21921\"},\"headline\":\"Visita la Alhambra de Granada\",\"datePublished\":\"2019-06-05T11:13:58+00:00\",\"dateModified\":\"2023-01-18T16:41:21+00:00\",\"mainEntityOfPage\":{\"@id\":\"https:\\\/\\\/walkingranada.com\\\/visita-alhambra-granada\\\/\"},\"wordCount\":1747,\"publisher\":{\"@id\":\"https:\\\/\\\/walkingranada.com\\\/#organization\"},\"image\":{\"@id\":\"https:\\\/\\\/walkingranada.com\\\/visita-alhambra-granada\\\/#primaryimage\"},\"thumbnailUrl\":\"https:\\\/\\\/walkingranada.com\\\/wp-content\\\/uploads\\\/2019\\\/06\\\/visitar-alhambra-granada.jpg.webp\",\"articleSection\":[\"Blog-espa\u00f1ol\",\"Gu\u00edas de viaje\"],\"inLanguage\":\"fr-FR\"},{\"@type\":\"WebPage\",\"@id\":\"https:\\\/\\\/walkingranada.com\\\/visita-alhambra-granada\\\/\",\"url\":\"https:\\\/\\\/walkingranada.com\\\/visita-alhambra-granada\\\/\",\"name\":\"\u2705 Visita la Alhambra de Granada\",\"isPartOf\":{\"@id\":\"https:\\\/\\\/walkingranada.com\\\/#website\"},\"primaryImageOfPage\":{\"@id\":\"https:\\\/\\\/walkingranada.com\\\/visita-alhambra-granada\\\/#primaryimage\"},\"image\":{\"@id\":\"https:\\\/\\\/walkingranada.com\\\/visita-alhambra-granada\\\/#primaryimage\"},\"thumbnailUrl\":\"https:\\\/\\\/walkingranada.com\\\/wp-content\\\/uploads\\\/2019\\\/06\\\/visitar-alhambra-granada.jpg.webp\",\"datePublished\":\"2019-06-05T11:13:58+00:00\",\"dateModified\":\"2023-01-18T16:41:21+00:00\",\"description\":\"Visita la Alhambra de Granada, un palacio \u00e1rabe que te dejar\u00e1 sorprendido y har\u00e1 de tu viaje una experiencia m\u00e1gica \ud83d\udcab\",\"breadcrumb\":{\"@id\":\"https:\\\/\\\/walkingranada.com\\\/visita-alhambra-granada\\\/#breadcrumb\"},\"inLanguage\":\"fr-FR\",\"potentialAction\":[{\"@type\":\"ReadAction\",\"target\":[\"https:\\\/\\\/walkingranada.com\\\/visita-alhambra-granada\\\/\"]}]},{\"@type\":\"ImageObject\",\"inLanguage\":\"fr-FR\",\"@id\":\"https:\\\/\\\/walkingranada.com\\\/visita-alhambra-granada\\\/#primaryimage\",\"url\":\"https:\\\/\\\/walkingranada.com\\\/wp-content\\\/uploads\\\/2019\\\/06\\\/visitar-alhambra-granada.jpg.webp\",\"contentUrl\":\"https:\\\/\\\/walkingranada.com\\\/wp-content\\\/uploads\\\/2019\\\/06\\\/visitar-alhambra-granada.jpg.webp\",\"width\":800,\"height\":534,\"caption\":\"Alhambra\"},{\"@type\":\"BreadcrumbList\",\"@id\":\"https:\\\/\\\/walkingranada.com\\\/visita-alhambra-granada\\\/#breadcrumb\",\"itemListElement\":[{\"@type\":\"ListItem\",\"position\":1,\"name\":\"Portada\",\"item\":\"https:\\\/\\\/walkingranada.com\\\/\"},{\"@type\":\"ListItem\",\"position\":2,\"name\":\"Visita la Alhambra de Granada\"}]},{\"@type\":\"WebSite\",\"@id\":\"https:\\\/\\\/walkingranada.com\\\/#website\",\"url\":\"https:\\\/\\\/walkingranada.com\\\/\",\"name\":\"Walk in Granada\",\"description\":\"Turismo responsable\",\"publisher\":{\"@id\":\"https:\\\/\\\/walkingranada.com\\\/#organization\"},\"alternateName\":\"Walk in Granada\",\"potentialAction\":[{\"@type\":\"SearchAction\",\"target\":{\"@type\":\"EntryPoint\",\"urlTemplate\":\"https:\\\/\\\/walkingranada.com\\\/?s={search_term_string}\"},\"query-input\":{\"@type\":\"PropertyValueSpecification\",\"valueRequired\":true,\"valueName\":\"search_term_string\"}}],\"inLanguage\":\"fr-FR\"},{\"@type\":\"Organization\",\"@id\":\"https:\\\/\\\/walkingranada.com\\\/#organization\",\"name\":\"Walk In Granada\",\"alternateName\":\"Walk In Granada\",\"url\":\"https:\\\/\\\/walkingranada.com\\\/\",\"logo\":{\"@type\":\"ImageObject\",\"inLanguage\":\"fr-FR\",\"@id\":\"https:\\\/\\\/walkingranada.com\\\/#\\\/schema\\\/logo\\\/image\\\/\",\"url\":\"https:\\\/\\\/walkingranada.com\\\/wp-content\\\/uploads\\\/2022\\\/12\\\/Logo-Walking.webp\",\"contentUrl\":\"https:\\\/\\\/walkingranada.com\\\/wp-content\\\/uploads\\\/2022\\\/12\\\/Logo-Walking.webp\",\"width\":512,\"height\":512,\"caption\":\"Walk In Granada\"},\"image\":{\"@id\":\"https:\\\/\\\/walkingranada.com\\\/#\\\/schema\\\/logo\\\/image\\\/\"},\"sameAs\":[\"https:\\\/\\\/es-es.facebook.com\\\/walkingranadatour\\\/\",\"https:\\\/\\\/x.com\\\/walkingranada\",\"https:\\\/\\\/www.instagram.com\\\/walkingranada\\\/\"]},{\"@type\":\"Person\",\"@id\":\"https:\\\/\\\/walkingranada.com\\\/#\\\/schema\\\/person\\\/0e703a18132a7470a6994423f7b21921\",\"name\":\"info@walkingranada.com\"}]}<\/script>\n<!-- \/ Yoast SEO plugin. -->","yoast_head_json":{"title":"\u2705 Visita la Alhambra de Granada","description":"Visita la Alhambra de Granada, un palacio \u00e1rabe que te dejar\u00e1 sorprendido y har\u00e1 de tu viaje una experiencia m\u00e1gica \ud83d\udcab","robots":{"index":"index","follow":"follow","max-snippet":"max-snippet:-1","max-image-preview":"max-image-preview:large","max-video-preview":"max-video-preview:-1"},"canonical":"https:\/\/walkingranada.com\/fr\/visita-alhambra-granada\/","og_locale":"fr_FR","og_type":"article","og_title":"\u2705 Visita la Alhambra de Granada","og_description":"Visita la Alhambra de Granada, un palacio \u00e1rabe que te dejar\u00e1 sorprendido y har\u00e1 de tu viaje una experiencia m\u00e1gica \ud83d\udcab","og_url":"https:\/\/walkingranada.com\/fr\/visita-alhambra-granada\/","og_site_name":"Walk in Granada","article_publisher":"https:\/\/es-es.facebook.com\/walkingranadatour\/","article_published_time":"2019-06-05T11:13:58+00:00","article_modified_time":"2023-01-18T16:41:21+00:00","og_image":[{"width":800,"height":534,"url":"https:\/\/walkingranada.com\/wp-content\/uploads\/2019\/06\/visitar-alhambra-granada.jpg.webp","type":"image\/jpeg"}],"author":"info@walkingranada.com","twitter_card":"summary_large_image","twitter_creator":"@walkingranada","twitter_site":"@walkingranada","twitter_misc":{"\u00c9crit par":"info@walkingranada.com","Dur\u00e9e de lecture estim\u00e9e":"9 minutes"},"schema":{"@context":"https:\/\/schema.org","@graph":[{"@type":"Article","@id":"https:\/\/walkingranada.com\/visita-alhambra-granada\/#article","isPartOf":{"@id":"https:\/\/walkingranada.com\/visita-alhambra-granada\/"},"author":{"name":"info@walkingranada.com","@id":"https:\/\/walkingranada.com\/#\/schema\/person\/0e703a18132a7470a6994423f7b21921"},"headline":"Visita la Alhambra de Granada","datePublished":"2019-06-05T11:13:58+00:00","dateModified":"2023-01-18T16:41:21+00:00","mainEntityOfPage":{"@id":"https:\/\/walkingranada.com\/visita-alhambra-granada\/"},"wordCount":1747,"publisher":{"@id":"https:\/\/walkingranada.com\/#organization"},"image":{"@id":"https:\/\/walkingranada.com\/visita-alhambra-granada\/#primaryimage"},"thumbnailUrl":"https:\/\/walkingranada.com\/wp-content\/uploads\/2019\/06\/visitar-alhambra-granada.jpg.webp","articleSection":["Blog-espa\u00f1ol","Gu\u00edas de viaje"],"inLanguage":"fr-FR"},{"@type":"WebPage","@id":"https:\/\/walkingranada.com\/visita-alhambra-granada\/","url":"https:\/\/walkingranada.com\/visita-alhambra-granada\/","name":"\u2705 Visita la Alhambra de Granada","isPartOf":{"@id":"https:\/\/walkingranada.com\/#website"},"primaryImageOfPage":{"@id":"https:\/\/walkingranada.com\/visita-alhambra-granada\/#primaryimage"},"image":{"@id":"https:\/\/walkingranada.com\/visita-alhambra-granada\/#primaryimage"},"thumbnailUrl":"https:\/\/walkingranada.com\/wp-content\/uploads\/2019\/06\/visitar-alhambra-granada.jpg.webp","datePublished":"2019-06-05T11:13:58+00:00","dateModified":"2023-01-18T16:41:21+00:00","description":"Visita la Alhambra de Granada, un palacio \u00e1rabe que te dejar\u00e1 sorprendido y har\u00e1 de tu viaje una experiencia m\u00e1gica \ud83d\udcab","breadcrumb":{"@id":"https:\/\/walkingranada.com\/visita-alhambra-granada\/#breadcrumb"},"inLanguage":"fr-FR","potentialAction":[{"@type":"ReadAction","target":["https:\/\/walkingranada.com\/visita-alhambra-granada\/"]}]},{"@type":"ImageObject","inLanguage":"fr-FR","@id":"https:\/\/walkingranada.com\/visita-alhambra-granada\/#primaryimage","url":"https:\/\/walkingranada.com\/wp-content\/uploads\/2019\/06\/visitar-alhambra-granada.jpg.webp","contentUrl":"https:\/\/walkingranada.com\/wp-content\/uploads\/2019\/06\/visitar-alhambra-granada.jpg.webp","width":800,"height":534,"caption":"Alhambra"},{"@type":"BreadcrumbList","@id":"https:\/\/walkingranada.com\/visita-alhambra-granada\/#breadcrumb","itemListElement":[{"@type":"ListItem","position":1,"name":"Portada","item":"https:\/\/walkingranada.com\/"},{"@type":"ListItem","position":2,"name":"Visita la Alhambra de Granada"}]},{"@type":"WebSite","@id":"https:\/\/walkingranada.com\/#website","url":"https:\/\/walkingranada.com\/","name":"Walk in Granada","description":"Turismo responsable","publisher":{"@id":"https:\/\/walkingranada.com\/#organization"},"alternateName":"Walk in Granada","potentialAction":[{"@type":"SearchAction","target":{"@type":"EntryPoint","urlTemplate":"https:\/\/walkingranada.com\/?s={search_term_string}"},"query-input":{"@type":"PropertyValueSpecification","valueRequired":true,"valueName":"search_term_string"}}],"inLanguage":"fr-FR"},{"@type":"Organization","@id":"https:\/\/walkingranada.com\/#organization","name":"Walk In Granada","alternateName":"Walk In Granada","url":"https:\/\/walkingranada.com\/","logo":{"@type":"ImageObject","inLanguage":"fr-FR","@id":"https:\/\/walkingranada.com\/#\/schema\/logo\/image\/","url":"https:\/\/walkingranada.com\/wp-content\/uploads\/2022\/12\/Logo-Walking.webp","contentUrl":"https:\/\/walkingranada.com\/wp-content\/uploads\/2022\/12\/Logo-Walking.webp","width":512,"height":512,"caption":"Walk In Granada"},"image":{"@id":"https:\/\/walkingranada.com\/#\/schema\/logo\/image\/"},"sameAs":["https:\/\/es-es.facebook.com\/walkingranadatour\/","https:\/\/x.com\/walkingranada","https:\/\/www.instagram.com\/walkingranada\/"]},{"@type":"Person","@id":"https:\/\/walkingranada.com\/#\/schema\/person\/0e703a18132a7470a6994423f7b21921","name":"info@walkingranada.com"}]}},"_links":{"self":[{"href":"https:\/\/walkingranada.com\/fr\/wp-json\/wp\/v2\/posts\/308","targetHints":{"allow":["GET"]}}],"collection":[{"href":"https:\/\/walkingranada.com\/fr\/wp-json\/wp\/v2\/posts"}],"about":[{"href":"https:\/\/walkingranada.com\/fr\/wp-json\/wp\/v2\/types\/post"}],"author":[{"embeddable":true,"href":"https:\/\/walkingranada.com\/fr\/wp-json\/wp\/v2\/users\/2"}],"replies":[{"embeddable":true,"href":"https:\/\/walkingranada.com\/fr\/wp-json\/wp\/v2\/comments?post=308"}],"version-history":[{"count":0,"href":"https:\/\/walkingranada.com\/fr\/wp-json\/wp\/v2\/posts\/308\/revisions"}],"wp:featuredmedia":[{"embeddable":true,"href":"https:\/\/walkingranada.com\/fr\/wp-json\/wp\/v2\/media\/309"}],"wp:attachment":[{"href":"https:\/\/walkingranada.com\/fr\/wp-json\/wp\/v2\/media?parent=308"}],"wp:term":[{"taxonomy":"category","embeddable":true,"href":"https:\/\/walkingranada.com\/fr\/wp-json\/wp\/v2\/categories?post=308"},{"taxonomy":"post_tag","embeddable":true,"href":"https:\/\/walkingranada.com\/fr\/wp-json\/wp\/v2\/tags?post=308"}],"curies":[{"name":"wp","href":"https:\/\/api.w.org\/{rel}","templated":true}]}}