{"id":269,"date":"2022-04-07T08:05:55","date_gmt":"2022-04-07T08:05:55","guid":{"rendered":"https:\/\/factum-omibu.es\/walkin\/?p=13288"},"modified":"2023-01-18T16:26:29","modified_gmt":"2023-01-18T16:26:29","slug":"semana-santa-en-granada-prepara-tu-viaje","status":"publish","type":"post","link":"https:\/\/walkingranada.com\/fr\/semana-santa-en-granada-prepara-tu-viaje\/","title":{"rendered":"Semaine sainte \u00e0 Granada : Pr\u00e9parez votre voyage"},"content":{"rendered":"<p class=\"translation-block\">Si vous visitez Grenade durant la semaine sainte, il y a quelques conseils n\u00e9cessaires pour que votre exp\u00e9rience soit la meilleure possible. En tant qu\u2019 experts locaux, nous souhaitons vous aider pour que vous ne passiez \u00e0 c\u00f4t\u00e9 de rien.<\/p>\n<h2><b>Alhambra et Generalife<br \/>\n<\/b><\/h2>\n<p><img decoding=\"async\" loading=\"lazy\" class=\"alignnone wp-image-13262 size-full\" src=\"https:\/\/walkingranada.com\/wp-content\/uploads\/2022\/04\/Alhambra-Partal-Granada.jpg.webp\" alt=\"\" width=\"100%\" \/><\/p>\n<p class=\"translation-block\">Venez visiter le monument le plus connu de Granada, l\u2019Alhambra et le Generalife, une des activit\u00e9s principales \u00e0 faire \u00e0 Granada. Avoir des entr\u00e9es n\u2019est pas toujours facile, c\u2019est pourquoi nous vous recommandons de r\u00e9server vos tickets avec avance. Si vous souhaitez visiter le monument dans son int\u00e9gralit\u00e9, vous devez choisir le billet intitul\u00e9 \u201cAlhambra general\u201d.<\/p>\n<p class=\"translation-block\">Si les entr\u00e9es sont \u00e9puis\u00e9es, n\u2019abandonnez pas ! Le site s\u2019actualise en continu et c\u2019est pourquoi vous devez continuer d\u2019essayer. Tr\u00e8s souvent, lorsque l\u2019on approche des dates de la Semaine Sainte, les billets s\u2019\u00e9puisent. Dans ce cas, nous vous recommandons d\u2019essayer d\u2019autres types d\u2019entr\u00e9es, comme les billets \u201cDoble de Oro general\u201d qui incluent tout le site de l\u2019Alhambra et du Generalife ainsi que certains autres sites de la ville situ\u00e9s dans le quartier Albaicin. L\u2019entr\u00e9e \u201cJardines, Generalife y Alcazaba\u201d est une autre possibilit\u00e9, vous pourrez visiter tout L\u2019Alhambra et le Generalife sauf les Palais Nasrides. Ces types d\u2019entr\u00e9es sont moins connues mais ils sont souvent plus faciles \u00e0 obtenir.<\/p>\n<p><span style=\"font-weight: 400;\">Si ces options ne vous conviennent pas, contactez-nous et laissez-nous vous conseiller et vous aider \u00e0 pr\u00e9parer votre visite !\u00a0<\/span><\/p>\n<p><span style=\"font-weight: 400;\">Par ailleurs, si vous poss\u00e9dez d\u00e9j\u00e0 des entr\u00e9es et que vous souhaitez faire la visite avec un guide officiel, nous pouvons vous aider \u00e0 trouver un parmi tous les meilleurs guides de la ville pour que vous profitiez un maximum de votre visite.<\/span><\/p>\n<p><span style=\"font-weight: 400;\"><img decoding=\"async\" loading=\"lazy\" class=\"alignnone wp-image-13263 size-full\" src=\"https:\/\/walkingranada.com\/wp-content\/uploads\/2022\/04\/Alhambra-Granada-Patio-de-los-Leones.jpg.webp\" alt=\"\" width=\"100%\" \/><\/span><\/p>\n<p class=\"translation-block\">Si tout cela vous semble trop compliqu\u00e9, nous pouvons nous occuper de tout. Il vous suffit de nous contacter : nous vous informerons des options disponibles, nous vous ach\u00e8terons les billets que vous nous indiquerez et nous vous trouverons un guide adapt\u00e9 \u00e0 vos besoins. Vous n\u2019aurez qu\u2019\u00e0 profiter de votre visite \u00e0 l\u2019Alhambra et au Generalife alors venez r\u00e9server votre visite guid\u00e9e priv\u00e9e avec nous <a href=\"https:\/\/walkingranada.com\/fr\/alhambra\/visite-privee\/\" target=\"_blank\" rel=\"noopener\"><strong>ICI !<\/strong><\/a><\/span><\/p>\n<p class=\"translation-block\">Et enfin, si vous voyagez seul, en couple, en petit groupe d\u2019amis ou en famille et que vous souhaitez visiter l\u2019Alhambra avec un guide, mais que vous n\u2019avez pas les moyens de r\u00e9server un guide priv\u00e9, vous pouvez vous inscrire \u00e0 l\u2019une de nos visites de groupe : rendez-vous sur notre site web, choisissez la date et <strong><a href=\"https:\/\/walkingranada.com\/fr\/alhambra\/visite-guidee-avec-entree-alhambra\/\" target=\"_blank\" rel=\"noopener\">v\u00e9rifiez la disponibilit\u00e9 <\/a><\/strong><\/span><span style=\"font-weight: 400\">Le prix par personne qui s\u2019affichera (variable selon l\u2019\u00e2ge) comprend le billet \u00ab Alhambra G\u00e9n\u00e9ral \u00bb, un guide officiel du monument et, avec plus de 7 personnes dans le groupe, le syst\u00e8me obligatoire d\u2019\u00e9couteurs sans fil pour pouvoir entendre le guide clairement sans qu\u2019il ait besoin d\u2019\u00e9lever le ton par moments, dans un lieu qui appelle \u00e0 la paix et \u00e0 la contemplation de sa beaut\u00e9.<\/span><\/p>\n<p class=\"translation-block\">Dans ce cas, nous vous recommandons de NE PAS acheter le billet seul car il sera tr\u00e8s difficile de vous joindre \u00e0 un groupe (il faudrait que vous co\u00efncidiez avec l\u2019heure exacte de la visite des palais Nasrides !)<\/p>\n<h2><b>Visiter la ville de Granada pedant la semaine sainte<\/b><\/h2>\n<p><img decoding=\"async\" loading=\"lazy\" class=\"alignnone wp-image-11542 size-full\" src=\"https:\/\/walkingranada.com\/wp-content\/uploads\/2020\/12\/Santa-Iglesia-Catedral-Metropolitana-de-la-Encarnacion-de-Granada-2.jpg.webp\" alt=\"\" width=\"1000\" height=\"1000\" \/><\/p>\n<p class=\"translation-block\">Si vous avez d\u00e9j\u00e0 organis\u00e9 votre visite de l\u2019Alhambra et du Generalife, mais que vous ne savez pas quoi faire \u00e0 Grenade, nous pouvons \u00e9galement vous aider. Chaque jour de cette Semaine Sainte, nous organisons diff\u00e9rentes visites gratuites pour d\u00e9couvrir les coins les plus int\u00e9ressants de la ville.<\/p>\n<p class=\"translation-block\">Tous les matins \u00e0 11h00, nous organisons le Free Tour \u201cGranada Essential\u201d au cours duquel nous vous montrerons les principaux monuments et lieux d\u2019int\u00e9r\u00eat du centre historique de Grenade, nous nous prom\u00e8nerons dans la cath\u00e9drale et la chapelle royale, lieu de s\u00e9pulture des monarques catholiques, et nous vous accompagnerons pour d\u00e9couvrir les principales places et rues de la ville.<\/p>\n<p><span style=\"font-weight: 400;\">\u00c0 <strong>19:00 H<\/strong> nous changerons de quartier et nous visiterons <\/span><b>l\u2019Albaic\u00edn et le Sacromonte<\/b><span style=\"font-weight: 400;\">, les quartiers les plus singuliers et embl\u00e9matiques de Grenade. Nous vous montrerons des \u201caljibes\u201d (de puits de l\u2019\u00e9poque arabe), des miradors, des maisons troglodytes et vous d\u00e9couvrirez avec nos guides l\u2019histoire et les particularit\u00e9s des quartiers les plus enchanteurs de la ville.<\/span><\/p>\n<p><span style=\"font-weight: 400;\">De plus, du mercredi 13 au dimanche 17 avril, <\/span><b>Free tour Albaic\u00edn et Sacromont<\/b><span style=\"font-weight: 400;\"> aura \u00e9galement lieu \u00e0 15h45.<\/span><\/p>\n<p><span style=\"font-weight: 400;\">Nous vous retrouverons \u00e0 la Plaza Nueva 15 minutes avant le d\u00e9but de chaque visite, et nous vous attendrons avec un parapluie rouge pr\u00e8s de la fontaine de la place. Nous vous recommandons de r\u00e9server vos visites \u00e0 l\u2019avance ici : <strong><a href=\"https:\/\/walkingranada.com\/fr\/free-tour-granada\/esentiel-granada\/\" target=\"_blank\" rel=\"noopener\">L'essentiel de Granada<\/a><\/strong><\/span><span style=\"font-weight: 400;\">\u00a0et <strong><a href=\"https:\/\/walkingranada.com\/fr\/free-tour-granada\/albaicin-et-sacromonte\/\" target=\"_blank\" rel=\"noopener\">Albaic\u00edn y Sacromonte.<\/a><\/strong><\/span><\/p>\n<p><span style=\"font-weight: 400;\">Si vous souhaitez faire une visite sur mesure, nous avons \u00e9galement une option pour vous : une <strong><a href=\"https:\/\/walkingranada.com\/fr\/visites-personnalisees\/\" target=\"_blank\" rel=\"noopener\">visite priv\u00e9e de la ville<\/a><\/strong>. N\u2019h\u00e9sitez pas \u00e0 nous contacter et nous organiserons l\u2019activit\u00e9 \u00e0 votre convenance, en adaptant les itin\u00e9raires \u00e0 vos besoins, ainsi que les horaires et les lieux \u00e0 visiter. Dites-nous simplement ce que vous voulez faire et visiter, et nous organiserons tout pour vous.<\/span><\/p>\n<h2><b>Que faire \u00e0 faire \u00e0 Granada? Profiter de la semaine sainte!<\/b><\/h2>\n<p><img decoding=\"async\" loading=\"lazy\" class=\"alignnone wp-image-13266 size-full\" src=\"https:\/\/walkingranada.com\/wp-content\/uploads\/2022\/04\/semana-santa-scaled.jpg.webp\" alt=\"Semana Santa en Granada\" width=\"100%\" \/><\/p>\n<p><span style=\"font-weight: 400;\">Si vous avez envie de faire des activit\u00e9s diff\u00e9rentes, nous pouvons \u00e9galement vous proposer de nombreuses options, comme des <strong><a href=\"https:\/\/walkingranada.com\/fr\/que-faire-a-granada\/flamenco\/\" target=\"_blank\" rel=\"noopener\">spectacles de flamenco<\/a><\/strong><\/span><span style=\"font-weight: 400;\">\u00a0ans les grottes traditionnelles du quartier de <strong>Sacromonte<\/strong>, ou encore des bains arabes avec massage dans le meilleur <strong><a href=\"https:\/\/walkingranada.com\/fr\/que-faire-a-granada\/hammam-al-andalus\/\" target=\"_blank\" rel=\"noopener\">Hammam<\/a><\/strong> <\/span><span style=\"font-weight: 400;\">de la ville. Nous pouvons aussi vous proposer de nombreuses options, alors n\u2019h\u00e9sitez pas \u00e0 nous demander et nous vous aiderons \u00e0 trouver quelque chose qui correspondra \u00e0 vos attentes.<\/span><\/p>\n<p><span style=\"font-weight: 400;\">Par ailleurs, pendant votre s\u00e9jour \u00e0 Granada, nous vous recommandons fortemement de profiter de l\u2019occasion pour assister \u00e0 certaines des plus <\/span><b>c\u00e9l\u00e8bres processions<\/b><span style=\"font-weight: 400;\"> de la ville. Certains des plus embl\u00e9matiques de Grenade sont \u00ab El Sentaillo \u00bb, \u00ab La Aurora \u00bb, \u00ab La Concha \u00bb, \u00ab Los Gitanos \u00bb, \u00ab El Silencio \u00bb ou \u00ab Santa Mar\u00eda de la Alhambra \u00bb.\u00a0<\/span><\/p>\n<p><span style=\"font-weight: 400;\"><strong><a href=\"https:\/\/www.granadahoy.com\/semanasanta\/horarios-itinerarios-cofradias-Semana-Santa-Granada-recorridos_0_1669335109.html\" target=\"_blank\" rel=\"noopener\">Vous pouvez retrouver le programme officiel ici<\/a><\/strong> pour ne rien manquer.<\/span><\/p>\n<h2><b>Les parking \u00e0 Granada<\/b><\/h2>\n<p><span style=\"font-weight: 400;\">Pour \u00e9viter tout probl\u00e8me lors de votre s\u00e9jour \u00e0 Grenade, nous vous rappelons que l\u2019acc\u00e8s \u00e0 Grenade est tr\u00e8s compliqu\u00e9 car la circulation est limit\u00e9e dans les principales zones du centre-ville. De plus, pendant la <strong>semaine sainte<\/strong> , de nombreuses rues sont ferm\u00e9es pour permettre le passage des confr\u00e9ries, ce qui rend les choses encore plus compliqu\u00e9es. C\u2019est pourquoi nous vous conseillons de rechercher l\u2019un des parkings les plus centraux et d\u2019y laisser votre voiture pendant votre s\u00e9jour. Cela vous co\u00fbtera un peu plus cher, mais vous serez plus tranquilles et cela sera plus confortable.<\/span><\/p>\n<p><span style=\"font-weight: 400;\">Nous vous recommandons trois <strong>parkings<\/strong> de la ville situ\u00e9s \u00e0 proximit\u00e9 du centre et faciles d\u2019acc\u00e8s (ce ne sont pas les plus centraux de la ville, mais l\u2019acc\u00e8s au centre lui-m\u00eame pendant la Semaine Sainte peut \u00eatre tr\u00e8s difficile) :<\/span><\/p>\n<p><strong><a href=\"https:\/\/www.google.com\/maps\/place\/PARKING+PLAZA+DE+LOS+CAMPOS\/@37.1726135,-3.5975587,17z\/data=!3m1!4b1!4m5!3m4!1s0xd71fcbbee37970f:0x3b98738b56a3b78c!8m2!3d37.1726092!4d-3.59537\" target=\"_blank\" rel=\"noopener\">Parking Plaza de los Campos<\/a><\/strong><\/p>\n<p><strong><a href=\"https:\/\/www.google.com\/maps\/place\/Parking+Severo+Ochoa+%7C+iPark\/@37.1801536,-3.6051429,15z\/data=!4m5!3m4!1s0x0:0xbf3f5dadd8e561bf!8m2!3d37.180153!4d-3.6051409\" target=\"_blank\" rel=\"noopener\">Parking Severo Ochoa<\/a><\/strong><\/p>\n<p><strong><a href=\"https:\/\/www.google.com\/maps\/place\/Parking+Violon+Granada\/@37.1676964,-3.5988759,17z\/data=!3m1!4b1!4m5!3m4!1s0xd71fca4a88f5ba3:0x65c0477a2fbef608!8m2!3d37.1676921!4d-3.5966872\" target=\"_blank\" rel=\"noopener\">Parking Viol\u00f3n<\/a><\/strong><\/p>\n<p><span style=\"font-weight: 400;\">Nous esp\u00e9rons que tous ces conseils vous aideront \u00e0 passer un s\u00e9jour id\u00e9al \u00e0 Grenade. Si vous avez besoin de conseils sur un aspect quelconque, n\u2019h\u00e9sitez pas \u00e0 nous contacter et nous essaierons de vous proposer les services qui vous conviendront le mieux. <\/span><\/p>","protected":false},"excerpt":{"rendered":"<p class=\"translation-block\">Si vous visitez Grenade durant la semaine sainte, il y a quelques conseils n\u00e9cessaires pour que votre exp\u00e9rience soit la meilleure possible. En tant qu\u2019 experts locaux, nous souhaitons vous aider pour que vous ne passiez \u00e0 c\u00f4t\u00e9 de rien.<\/p>","protected":false},"author":2,"featured_media":270,"comment_status":"closed","ping_status":"open","sticky":false,"template":"","format":"standard","meta":{"footnotes":""},"categories":[5,6],"tags":[],"class_list":["post-269","post","type-post","status-publish","format-standard","has-post-thumbnail","hentry","category-blog-espanol","category-guias-de-viaje"],"yoast_head":"<!-- This site is optimized with the Yoast SEO plugin v27.5 - https:\/\/yoast.com\/product\/yoast-seo-wordpress\/ -->\n<title>\u226b Semana Santa en Granada \u00bfQu\u00e9 hacer?<\/title>\n<meta name=\"description\" content=\"\u21e8 Si vas a viajar a Granada y quieres conocer cu\u00e1les son los mejores free tours que te permitir\u00e1n vivir y experimentar la ciudad \ud83e\udd29\" \/>\n<meta name=\"robots\" content=\"index, follow, max-snippet:-1, max-image-preview:large, max-video-preview:-1\" \/>\n<link rel=\"canonical\" href=\"https:\/\/walkingranada.com\/fr\/semana-santa-en-granada-prepara-tu-viaje\/\" \/>\n<meta property=\"og:locale\" content=\"fr_FR\" \/>\n<meta property=\"og:type\" content=\"article\" \/>\n<meta property=\"og:title\" content=\"\u226b Semana Santa en Granada \u00bfQu\u00e9 hacer?\" \/>\n<meta property=\"og:description\" content=\"\u21e8 Si vas a viajar a Granada y quieres conocer cu\u00e1les son los mejores free tours que te permitir\u00e1n vivir y experimentar la ciudad \ud83e\udd29\" \/>\n<meta property=\"og:url\" content=\"https:\/\/walkingranada.com\/fr\/semana-santa-en-granada-prepara-tu-viaje\/\" \/>\n<meta property=\"og:site_name\" content=\"Walk in Granada\" \/>\n<meta property=\"article:publisher\" content=\"https:\/\/es-es.facebook.com\/walkingranadatour\/\" \/>\n<meta property=\"article:published_time\" content=\"2022-04-07T08:05:55+00:00\" \/>\n<meta property=\"article:modified_time\" content=\"2023-01-18T16:26:29+00:00\" \/>\n<meta property=\"og:image\" content=\"https:\/\/walkingranada.com\/wp-content\/uploads\/2022\/04\/semana-santa-scaled.jpg.webp\" \/>\n\t<meta property=\"og:image:width\" content=\"1500\" \/>\n\t<meta property=\"og:image:height\" content=\"992\" \/>\n\t<meta property=\"og:image:type\" content=\"image\/jpeg\" \/>\n<meta name=\"author\" content=\"info@walkingranada.com\" \/>\n<meta name=\"twitter:card\" content=\"summary_large_image\" \/>\n<meta name=\"twitter:creator\" content=\"@walkingranada\" \/>\n<meta name=\"twitter:site\" content=\"@walkingranada\" \/>\n<meta name=\"twitter:label1\" content=\"\u00c9crit par\" \/>\n\t<meta name=\"twitter:data1\" content=\"info@walkingranada.com\" \/>\n\t<meta name=\"twitter:label2\" content=\"Dur\u00e9e de lecture estim\u00e9e\" \/>\n\t<meta name=\"twitter:data2\" content=\"6 minutes\" \/>\n<script type=\"application\/ld+json\" class=\"yoast-schema-graph\">{\"@context\":\"https:\\\/\\\/schema.org\",\"@graph\":[{\"@type\":\"Article\",\"@id\":\"https:\\\/\\\/walkingranada.com\\\/semana-santa-en-granada-prepara-tu-viaje\\\/#article\",\"isPartOf\":{\"@id\":\"https:\\\/\\\/walkingranada.com\\\/semana-santa-en-granada-prepara-tu-viaje\\\/\"},\"author\":{\"name\":\"info@walkingranada.com\",\"@id\":\"https:\\\/\\\/walkingranada.com\\\/#\\\/schema\\\/person\\\/0e703a18132a7470a6994423f7b21921\"},\"headline\":\"Semana Santa en Granada: Prepara tu viaje\",\"datePublished\":\"2022-04-07T08:05:55+00:00\",\"dateModified\":\"2023-01-18T16:26:29+00:00\",\"mainEntityOfPage\":{\"@id\":\"https:\\\/\\\/walkingranada.com\\\/semana-santa-en-granada-prepara-tu-viaje\\\/\"},\"wordCount\":1157,\"publisher\":{\"@id\":\"https:\\\/\\\/walkingranada.com\\\/#organization\"},\"image\":{\"@id\":\"https:\\\/\\\/walkingranada.com\\\/semana-santa-en-granada-prepara-tu-viaje\\\/#primaryimage\"},\"thumbnailUrl\":\"https:\\\/\\\/walkingranada.com\\\/wp-content\\\/uploads\\\/2022\\\/04\\\/semana-santa-scaled.jpg.webp\",\"articleSection\":[\"Blog-espa\u00f1ol\",\"Gu\u00edas de viaje\"],\"inLanguage\":\"fr-FR\"},{\"@type\":\"WebPage\",\"@id\":\"https:\\\/\\\/walkingranada.com\\\/semana-santa-en-granada-prepara-tu-viaje\\\/\",\"url\":\"https:\\\/\\\/walkingranada.com\\\/semana-santa-en-granada-prepara-tu-viaje\\\/\",\"name\":\"\u226b Semana Santa en Granada \u00bfQu\u00e9 hacer?\",\"isPartOf\":{\"@id\":\"https:\\\/\\\/walkingranada.com\\\/#website\"},\"primaryImageOfPage\":{\"@id\":\"https:\\\/\\\/walkingranada.com\\\/semana-santa-en-granada-prepara-tu-viaje\\\/#primaryimage\"},\"image\":{\"@id\":\"https:\\\/\\\/walkingranada.com\\\/semana-santa-en-granada-prepara-tu-viaje\\\/#primaryimage\"},\"thumbnailUrl\":\"https:\\\/\\\/walkingranada.com\\\/wp-content\\\/uploads\\\/2022\\\/04\\\/semana-santa-scaled.jpg.webp\",\"datePublished\":\"2022-04-07T08:05:55+00:00\",\"dateModified\":\"2023-01-18T16:26:29+00:00\",\"description\":\"\u21e8 Si vas a viajar a Granada y quieres conocer cu\u00e1les son los mejores free tours que te permitir\u00e1n vivir y experimentar la ciudad \ud83e\udd29\",\"breadcrumb\":{\"@id\":\"https:\\\/\\\/walkingranada.com\\\/semana-santa-en-granada-prepara-tu-viaje\\\/#breadcrumb\"},\"inLanguage\":\"fr-FR\",\"potentialAction\":[{\"@type\":\"ReadAction\",\"target\":[\"https:\\\/\\\/walkingranada.com\\\/semana-santa-en-granada-prepara-tu-viaje\\\/\"]}]},{\"@type\":\"ImageObject\",\"inLanguage\":\"fr-FR\",\"@id\":\"https:\\\/\\\/walkingranada.com\\\/semana-santa-en-granada-prepara-tu-viaje\\\/#primaryimage\",\"url\":\"https:\\\/\\\/walkingranada.com\\\/wp-content\\\/uploads\\\/2022\\\/04\\\/semana-santa-scaled.jpg.webp\",\"contentUrl\":\"https:\\\/\\\/walkingranada.com\\\/wp-content\\\/uploads\\\/2022\\\/04\\\/semana-santa-scaled.jpg.webp\",\"width\":1500,\"height\":992,\"caption\":\"Semana Santa en Granada\"},{\"@type\":\"BreadcrumbList\",\"@id\":\"https:\\\/\\\/walkingranada.com\\\/semana-santa-en-granada-prepara-tu-viaje\\\/#breadcrumb\",\"itemListElement\":[{\"@type\":\"ListItem\",\"position\":1,\"name\":\"Portada\",\"item\":\"https:\\\/\\\/walkingranada.com\\\/\"},{\"@type\":\"ListItem\",\"position\":2,\"name\":\"Semana Santa en Granada: Prepara tu viaje\"}]},{\"@type\":\"WebSite\",\"@id\":\"https:\\\/\\\/walkingranada.com\\\/#website\",\"url\":\"https:\\\/\\\/walkingranada.com\\\/\",\"name\":\"Walk in Granada\",\"description\":\"Turismo responsable\",\"publisher\":{\"@id\":\"https:\\\/\\\/walkingranada.com\\\/#organization\"},\"alternateName\":\"Walk in Granada\",\"potentialAction\":[{\"@type\":\"SearchAction\",\"target\":{\"@type\":\"EntryPoint\",\"urlTemplate\":\"https:\\\/\\\/walkingranada.com\\\/?s={search_term_string}\"},\"query-input\":{\"@type\":\"PropertyValueSpecification\",\"valueRequired\":true,\"valueName\":\"search_term_string\"}}],\"inLanguage\":\"fr-FR\"},{\"@type\":\"Organization\",\"@id\":\"https:\\\/\\\/walkingranada.com\\\/#organization\",\"name\":\"Walk In Granada\",\"alternateName\":\"Walk In Granada\",\"url\":\"https:\\\/\\\/walkingranada.com\\\/\",\"logo\":{\"@type\":\"ImageObject\",\"inLanguage\":\"fr-FR\",\"@id\":\"https:\\\/\\\/walkingranada.com\\\/#\\\/schema\\\/logo\\\/image\\\/\",\"url\":\"https:\\\/\\\/walkingranada.com\\\/wp-content\\\/uploads\\\/2022\\\/12\\\/Logo-Walking.webp\",\"contentUrl\":\"https:\\\/\\\/walkingranada.com\\\/wp-content\\\/uploads\\\/2022\\\/12\\\/Logo-Walking.webp\",\"width\":512,\"height\":512,\"caption\":\"Walk In Granada\"},\"image\":{\"@id\":\"https:\\\/\\\/walkingranada.com\\\/#\\\/schema\\\/logo\\\/image\\\/\"},\"sameAs\":[\"https:\\\/\\\/es-es.facebook.com\\\/walkingranadatour\\\/\",\"https:\\\/\\\/x.com\\\/walkingranada\",\"https:\\\/\\\/www.instagram.com\\\/walkingranada\\\/\"]},{\"@type\":\"Person\",\"@id\":\"https:\\\/\\\/walkingranada.com\\\/#\\\/schema\\\/person\\\/0e703a18132a7470a6994423f7b21921\",\"name\":\"info@walkingranada.com\"}]}<\/script>\n<!-- \/ Yoast SEO plugin. -->","yoast_head_json":{"title":"\u226b Semana Santa en Granada \u00bfQu\u00e9 hacer?","description":"\u21e8 Si vas a viajar a Granada y quieres conocer cu\u00e1les son los mejores free tours que te permitir\u00e1n vivir y experimentar la ciudad \ud83e\udd29","robots":{"index":"index","follow":"follow","max-snippet":"max-snippet:-1","max-image-preview":"max-image-preview:large","max-video-preview":"max-video-preview:-1"},"canonical":"https:\/\/walkingranada.com\/fr\/semana-santa-en-granada-prepara-tu-viaje\/","og_locale":"fr_FR","og_type":"article","og_title":"\u226b Semana Santa en Granada \u00bfQu\u00e9 hacer?","og_description":"\u21e8 Si vas a viajar a Granada y quieres conocer cu\u00e1les son los mejores free tours que te permitir\u00e1n vivir y experimentar la ciudad \ud83e\udd29","og_url":"https:\/\/walkingranada.com\/fr\/semana-santa-en-granada-prepara-tu-viaje\/","og_site_name":"Walk in Granada","article_publisher":"https:\/\/es-es.facebook.com\/walkingranadatour\/","article_published_time":"2022-04-07T08:05:55+00:00","article_modified_time":"2023-01-18T16:26:29+00:00","og_image":[{"width":1500,"height":992,"url":"https:\/\/walkingranada.com\/wp-content\/uploads\/2022\/04\/semana-santa-scaled.jpg.webp","type":"image\/jpeg"}],"author":"info@walkingranada.com","twitter_card":"summary_large_image","twitter_creator":"@walkingranada","twitter_site":"@walkingranada","twitter_misc":{"\u00c9crit par":"info@walkingranada.com","Dur\u00e9e de lecture estim\u00e9e":"6 minutes"},"schema":{"@context":"https:\/\/schema.org","@graph":[{"@type":"Article","@id":"https:\/\/walkingranada.com\/semana-santa-en-granada-prepara-tu-viaje\/#article","isPartOf":{"@id":"https:\/\/walkingranada.com\/semana-santa-en-granada-prepara-tu-viaje\/"},"author":{"name":"info@walkingranada.com","@id":"https:\/\/walkingranada.com\/#\/schema\/person\/0e703a18132a7470a6994423f7b21921"},"headline":"Semana Santa en Granada: Prepara tu viaje","datePublished":"2022-04-07T08:05:55+00:00","dateModified":"2023-01-18T16:26:29+00:00","mainEntityOfPage":{"@id":"https:\/\/walkingranada.com\/semana-santa-en-granada-prepara-tu-viaje\/"},"wordCount":1157,"publisher":{"@id":"https:\/\/walkingranada.com\/#organization"},"image":{"@id":"https:\/\/walkingranada.com\/semana-santa-en-granada-prepara-tu-viaje\/#primaryimage"},"thumbnailUrl":"https:\/\/walkingranada.com\/wp-content\/uploads\/2022\/04\/semana-santa-scaled.jpg.webp","articleSection":["Blog-espa\u00f1ol","Gu\u00edas de viaje"],"inLanguage":"fr-FR"},{"@type":"WebPage","@id":"https:\/\/walkingranada.com\/semana-santa-en-granada-prepara-tu-viaje\/","url":"https:\/\/walkingranada.com\/semana-santa-en-granada-prepara-tu-viaje\/","name":"\u226b Semana Santa en Granada \u00bfQu\u00e9 hacer?","isPartOf":{"@id":"https:\/\/walkingranada.com\/#website"},"primaryImageOfPage":{"@id":"https:\/\/walkingranada.com\/semana-santa-en-granada-prepara-tu-viaje\/#primaryimage"},"image":{"@id":"https:\/\/walkingranada.com\/semana-santa-en-granada-prepara-tu-viaje\/#primaryimage"},"thumbnailUrl":"https:\/\/walkingranada.com\/wp-content\/uploads\/2022\/04\/semana-santa-scaled.jpg.webp","datePublished":"2022-04-07T08:05:55+00:00","dateModified":"2023-01-18T16:26:29+00:00","description":"\u21e8 Si vas a viajar a Granada y quieres conocer cu\u00e1les son los mejores free tours que te permitir\u00e1n vivir y experimentar la ciudad \ud83e\udd29","breadcrumb":{"@id":"https:\/\/walkingranada.com\/semana-santa-en-granada-prepara-tu-viaje\/#breadcrumb"},"inLanguage":"fr-FR","potentialAction":[{"@type":"ReadAction","target":["https:\/\/walkingranada.com\/semana-santa-en-granada-prepara-tu-viaje\/"]}]},{"@type":"ImageObject","inLanguage":"fr-FR","@id":"https:\/\/walkingranada.com\/semana-santa-en-granada-prepara-tu-viaje\/#primaryimage","url":"https:\/\/walkingranada.com\/wp-content\/uploads\/2022\/04\/semana-santa-scaled.jpg.webp","contentUrl":"https:\/\/walkingranada.com\/wp-content\/uploads\/2022\/04\/semana-santa-scaled.jpg.webp","width":1500,"height":992,"caption":"Semana Santa en Granada"},{"@type":"BreadcrumbList","@id":"https:\/\/walkingranada.com\/semana-santa-en-granada-prepara-tu-viaje\/#breadcrumb","itemListElement":[{"@type":"ListItem","position":1,"name":"Portada","item":"https:\/\/walkingranada.com\/"},{"@type":"ListItem","position":2,"name":"Semana Santa en Granada: Prepara tu viaje"}]},{"@type":"WebSite","@id":"https:\/\/walkingranada.com\/#website","url":"https:\/\/walkingranada.com\/","name":"Walk in Granada","description":"Turismo responsable","publisher":{"@id":"https:\/\/walkingranada.com\/#organization"},"alternateName":"Walk in Granada","potentialAction":[{"@type":"SearchAction","target":{"@type":"EntryPoint","urlTemplate":"https:\/\/walkingranada.com\/?s={search_term_string}"},"query-input":{"@type":"PropertyValueSpecification","valueRequired":true,"valueName":"search_term_string"}}],"inLanguage":"fr-FR"},{"@type":"Organization","@id":"https:\/\/walkingranada.com\/#organization","name":"Walk In Granada","alternateName":"Walk In Granada","url":"https:\/\/walkingranada.com\/","logo":{"@type":"ImageObject","inLanguage":"fr-FR","@id":"https:\/\/walkingranada.com\/#\/schema\/logo\/image\/","url":"https:\/\/walkingranada.com\/wp-content\/uploads\/2022\/12\/Logo-Walking.webp","contentUrl":"https:\/\/walkingranada.com\/wp-content\/uploads\/2022\/12\/Logo-Walking.webp","width":512,"height":512,"caption":"Walk In Granada"},"image":{"@id":"https:\/\/walkingranada.com\/#\/schema\/logo\/image\/"},"sameAs":["https:\/\/es-es.facebook.com\/walkingranadatour\/","https:\/\/x.com\/walkingranada","https:\/\/www.instagram.com\/walkingranada\/"]},{"@type":"Person","@id":"https:\/\/walkingranada.com\/#\/schema\/person\/0e703a18132a7470a6994423f7b21921","name":"info@walkingranada.com"}]}},"_links":{"self":[{"href":"https:\/\/walkingranada.com\/fr\/wp-json\/wp\/v2\/posts\/269","targetHints":{"allow":["GET"]}}],"collection":[{"href":"https:\/\/walkingranada.com\/fr\/wp-json\/wp\/v2\/posts"}],"about":[{"href":"https:\/\/walkingranada.com\/fr\/wp-json\/wp\/v2\/types\/post"}],"author":[{"embeddable":true,"href":"https:\/\/walkingranada.com\/fr\/wp-json\/wp\/v2\/users\/2"}],"replies":[{"embeddable":true,"href":"https:\/\/walkingranada.com\/fr\/wp-json\/wp\/v2\/comments?post=269"}],"version-history":[{"count":0,"href":"https:\/\/walkingranada.com\/fr\/wp-json\/wp\/v2\/posts\/269\/revisions"}],"wp:featuredmedia":[{"embeddable":true,"href":"https:\/\/walkingranada.com\/fr\/wp-json\/wp\/v2\/media\/270"}],"wp:attachment":[{"href":"https:\/\/walkingranada.com\/fr\/wp-json\/wp\/v2\/media?parent=269"}],"wp:term":[{"taxonomy":"category","embeddable":true,"href":"https:\/\/walkingranada.com\/fr\/wp-json\/wp\/v2\/categories?post=269"},{"taxonomy":"post_tag","embeddable":true,"href":"https:\/\/walkingranada.com\/fr\/wp-json\/wp\/v2\/tags?post=269"}],"curies":[{"name":"wp","href":"https:\/\/api.w.org\/{rel}","templated":true}]}}