{"id":353,"date":"2018-01-13T08:38:16","date_gmt":"2018-01-13T08:38:16","guid":{"rendered":"http:\/\/inwavethemes.com\/wordpress\/intravel\/?p=22"},"modified":"2023-02-09T10:00:27","modified_gmt":"2023-02-09T10:00:27","slug":"rutas-adaptadas-personas-movilidad-reducida","status":"publish","type":"post","link":"https:\/\/walkingranada.com\/en\/rutas-adaptadas-personas-movilidad-reducida\/","title":{"rendered":"We present 4 routes adapted for people with reduced mobility"},"content":{"rendered":"<h2>\u00a1Granada accesible para todos!<\/h2>\n<p><strong><img decoding=\"async\" loading=\"lazy\" class=\"alignleft size-thumbnail wp-image-6416\" src=\"https:\/\/walkingranada.com\/wp-content\/uploads\/2018\/10\/turismo-accesible-alhambra-150x150.jpg.webp\" alt=\"turismo accesible Alhambra\" width=\"150\" height=\"150\" \/>\u00a1Este a\u00f1o estamos de estreno! En Walk In Granada Tour celebramos la inclusi\u00f3n de 4 nuevas rutas tur\u00edsticas que son accesibles para personas con discapacidad motriz,\u00a0en la ciudad de Granada. Te contamos como hemos conseguido sacar adelante este proyecto.<\/strong><\/p>\n<p>&nbsp;<\/p>\n<p>&nbsp;<\/p>\n<p>&nbsp;<\/p>\n<p>El pasado mes de noviembre el\u00a0Ayuntamiento de Granada junto a la Universidad de Granada y Turismo de la Ciudad, organiz\u00f3 el\u00a0<b><i>I Encuentro LabIN Granada sobre turismo y ciudad.\u00a0<\/i><\/b>El objetivo del mismo promover la participaci\u00f3n ciudadana animando a presentar nuevas ideas\u00a0sobre<strong>\u00a0Turismo Sostenible<\/strong>.\u00a0 Finalmente, ser\u00edan seleccionadas algunas de estas ideas para completar las l\u00edneas estrat\u00e9gicas del Plan de Turismo de la Ciudad.\u00a0 Entre estas ideas una de<a href=\"https:\/\/walkingranada.com\/en\/\"> <em>Walk In Granada Tours<\/em><\/a>\u00a0en colaboraci\u00f3n con la asociaci\u00f3n\u00a0<a href=\"https:\/\/laciudadaccesible.com\/index.html\"><em>La Ciudad Accesible<\/em><\/a>\u00a0y la Gremial del Taxi. Estamos muy contentos porque estas nuevas rutas desde luego mejorar\u00e1n a la\u00a0<strong>oferta tur\u00edstica accesible granadina<\/strong>.<\/p>\n<p class=\"translation-block\"><img decoding=\"async\" loading=\"lazy\" class=\"size-thumbnail wp-image-2502 alignleft\" src=\"https:\/\/walkingranada.com\/wp-content\/uploads\/2018\/05\/Europa-Press-150x150.jpg.webp\" alt=\"Europa Press\" width=\"150\" height=\"150\">Para el dise\u00f1o de estos&nbsp;<strong>itinerarios hist\u00f3ricos y culturales accesibles&nbsp;<\/strong>se ha utilizado la informaci\u00f3n facilitada por la Diputaci\u00f3n de Granada, el Ayuntamiento de Granada y el Patronato de la Alhambra. Gracias a todos ellos.<\/p>\n<p>La propuesta final consisti\u00f3 en\u00a0<strong>4 itinerarios que recorren zonas del Casco Hist\u00f3rico, del Albaic\u00edn y del Palacio de la Alhambra.\u00a0<\/strong>Estas<strong> rutas adaptadas para personas con movilidad reducida<\/strong> fueron testadas por voluntarios con discapacidad motriz para comprobar su grado de accesibilidad. \u00a1Todos confirmaron su satisfacci\u00f3n completa en esta experiencia pilota!<\/p>\n<p>&nbsp;<\/p>\n<p><strong><img decoding=\"async\" loading=\"lazy\" class=\"alignright size-thumbnail wp-image-2507\" src=\"https:\/\/walkingranada.com\/wp-content\/uploads\/2018\/05\/Rutas-dise\u00f1adas-Accesibles-Personas-con-Discapacidad-en-Granada1000-150x150.jpg.webp\" alt=\"Personas con discapacidad\" width=\"150\" height=\"150\" \/><\/strong><\/p>\n<p><strong>La visitas son realizadas por nuestros gu\u00edas oficiales<\/strong>,\u00a0todos ellos capacitados y con experiencia trabajando con\u00a0personas con discapacidad motriz.\u00a0\u00a0<em>Ciudad Accesible<\/em>\u00a0tendr\u00e1 el rol de entidad externa supervisora de estas rutas y garante del grado de accesibilidad real que tienen las mismas y el tipo de usuarios con discapacidad que pueden realizarlas. As\u00ed mismo se encargar\u00e1 de valorar la calidad de la\u00a0 formaci\u00f3n de los gu\u00edas involucrados en este proyecto.<\/p>\n<p>&nbsp;<\/p>\n<p>&nbsp;<\/p>\n<p><strong><img decoding=\"async\" loading=\"lazy\" class=\"size-thumbnail wp-image-2504 alignleft\" src=\"https:\/\/walkingranada.com\/wp-content\/uploads\/2018\/05\/taxi-150x150.jpg.webp\" alt=\"By taxi\" width=\"150\" height=\"150\" \/>La Gremial del Taxis<\/strong>\u00a0tambi\u00e9n hace una aportaci\u00f3n excelente a la<strong>\u00a0oferta de Turismo Accesible en Granada\u00a0<\/strong>ofreciendo veh\u00edculos adaptados<strong>\u00a0con derecho prioritario<\/strong>\u00a0and<strong>\u00a0precio fijo<\/strong>. Adem\u00e1s, estos\u00a0taxis adaptados podr\u00e1n realizar el servicio de conexi\u00f3n y traslado\u00a0en los tramos de la Ciudad de Granada que resultan inviables para personas con discapacidad motriz. Estos\u00a0itinerarios est\u00e1ndares urbanos se har\u00e1n a un precio fijo de manera que los tiempos de llegada y de manejo de las sillas de ruedas para su colocaci\u00f3n en el veh\u00edculo\u00a0no interfieran con dicha tarifa.<\/p>","protected":false},"excerpt":{"rendered":"<p>\u00a1Granada accesible para todos! \u00a1Este a\u00f1o estamos de estreno! En Walk In Granada Tour celebramos la inclusi\u00f3n de 4 nuevas rutas tur\u00edsticas que son accesibles para personas con discapacidad motriz,\u00a0en la ciudad de Granada. Te contamos como hemos conseguido sacar adelante este proyecto. &nbsp; &nbsp; &nbsp; El pasado mes de noviembre el\u00a0Ayuntamiento de Granada junto &#8230; <a title=\"We present 4 routes adapted for people with reduced mobility\" class=\"read-more\" href=\"https:\/\/walkingranada.com\/en\/rutas-adaptadas-personas-movilidad-reducida\/\" aria-label=\"Read more about Presentamos 4 rutas adaptadas para personas con movilidad reducida\">Read more<\/a><\/p>","protected":false},"author":2,"featured_media":2507,"comment_status":"closed","ping_status":"open","sticky":false,"template":"","format":"gallery","meta":{"footnotes":""},"categories":[5],"tags":[],"class_list":["post-353","post","type-post","status-publish","format-gallery","has-post-thumbnail","hentry","category-blog-espanol","post_format-post-format-gallery"],"yoast_head":"<!-- This site is optimized with the Yoast SEO plugin v27.5 - https:\/\/yoast.com\/product\/yoast-seo-wordpress\/ -->\n<title>4 Rutas adaptadas a personas con movilidad reducida<\/title>\n<meta name=\"description\" content=\"Presentamos 4 rutas adaptadas para personas con movilidad reducida. Granada una vez m\u00e1s ha demostrado su accesibilidad para todxs \ud83d\ude4c\" \/>\n<meta name=\"robots\" content=\"index, follow, max-snippet:-1, max-image-preview:large, max-video-preview:-1\" \/>\n<link rel=\"canonical\" href=\"https:\/\/walkingranada.com\/en\/rutas-adaptadas-personas-movilidad-reducida\/\" \/>\n<meta property=\"og:locale\" content=\"en_GB\" \/>\n<meta property=\"og:type\" content=\"article\" \/>\n<meta property=\"og:title\" content=\"4 Rutas adaptadas a personas con movilidad reducida\" \/>\n<meta property=\"og:description\" content=\"Presentamos 4 rutas adaptadas para personas con movilidad reducida. Granada una vez m\u00e1s ha demostrado su accesibilidad para todxs \ud83d\ude4c\" \/>\n<meta property=\"og:url\" content=\"https:\/\/walkingranada.com\/en\/rutas-adaptadas-personas-movilidad-reducida\/\" \/>\n<meta property=\"og:site_name\" content=\"Walk in Granada\" \/>\n<meta property=\"article:publisher\" content=\"https:\/\/es-es.facebook.com\/walkingranadatour\/\" \/>\n<meta property=\"article:published_time\" content=\"2018-01-13T08:38:16+00:00\" \/>\n<meta property=\"article:modified_time\" content=\"2023-02-09T10:00:27+00:00\" \/>\n<meta property=\"og:image\" content=\"https:\/\/walkingranada.com\/wp-content\/uploads\/2023\/01\/Visita-accesible-alhambra-4.webp\" \/>\n\t<meta property=\"og:image:width\" content=\"305\" \/>\n\t<meta property=\"og:image:height\" content=\"305\" \/>\n\t<meta property=\"og:image:type\" content=\"image\/webp\" \/>\n<meta name=\"author\" content=\"info@walkingranada.com\" \/>\n<meta name=\"twitter:card\" content=\"summary_large_image\" \/>\n<meta name=\"twitter:creator\" content=\"@walkingranada\" \/>\n<meta name=\"twitter:site\" content=\"@walkingranada\" \/>\n<meta name=\"twitter:label1\" content=\"Written by\" \/>\n\t<meta name=\"twitter:data1\" content=\"info@walkingranada.com\" \/>\n\t<meta name=\"twitter:label2\" content=\"Estimated reading time\" \/>\n\t<meta name=\"twitter:data2\" content=\"3 minutes\" \/>\n<script type=\"application\/ld+json\" class=\"yoast-schema-graph\">{\"@context\":\"https:\\\/\\\/schema.org\",\"@graph\":[{\"@type\":\"Article\",\"@id\":\"https:\\\/\\\/walkingranada.com\\\/rutas-adaptadas-personas-movilidad-reducida\\\/#article\",\"isPartOf\":{\"@id\":\"https:\\\/\\\/walkingranada.com\\\/rutas-adaptadas-personas-movilidad-reducida\\\/\"},\"author\":{\"name\":\"info@walkingranada.com\",\"@id\":\"https:\\\/\\\/walkingranada.com\\\/#\\\/schema\\\/person\\\/0e703a18132a7470a6994423f7b21921\"},\"headline\":\"Presentamos 4 rutas adaptadas para personas con movilidad reducida\",\"datePublished\":\"2018-01-13T08:38:16+00:00\",\"dateModified\":\"2023-02-09T10:00:27+00:00\",\"mainEntityOfPage\":{\"@id\":\"https:\\\/\\\/walkingranada.com\\\/rutas-adaptadas-personas-movilidad-reducida\\\/\"},\"wordCount\":437,\"publisher\":{\"@id\":\"https:\\\/\\\/walkingranada.com\\\/#organization\"},\"image\":{\"@id\":\"https:\\\/\\\/walkingranada.com\\\/rutas-adaptadas-personas-movilidad-reducida\\\/#primaryimage\"},\"thumbnailUrl\":\"https:\\\/\\\/walkingranada.com\\\/wp-content\\\/uploads\\\/2023\\\/01\\\/Visita-accesible-alhambra-4.webp\",\"articleSection\":[\"Blog-espa\u00f1ol\"],\"inLanguage\":\"en-GB\"},{\"@type\":\"WebPage\",\"@id\":\"https:\\\/\\\/walkingranada.com\\\/rutas-adaptadas-personas-movilidad-reducida\\\/\",\"url\":\"https:\\\/\\\/walkingranada.com\\\/rutas-adaptadas-personas-movilidad-reducida\\\/\",\"name\":\"4 Rutas adaptadas a personas con movilidad reducida\",\"isPartOf\":{\"@id\":\"https:\\\/\\\/walkingranada.com\\\/#website\"},\"primaryImageOfPage\":{\"@id\":\"https:\\\/\\\/walkingranada.com\\\/rutas-adaptadas-personas-movilidad-reducida\\\/#primaryimage\"},\"image\":{\"@id\":\"https:\\\/\\\/walkingranada.com\\\/rutas-adaptadas-personas-movilidad-reducida\\\/#primaryimage\"},\"thumbnailUrl\":\"https:\\\/\\\/walkingranada.com\\\/wp-content\\\/uploads\\\/2023\\\/01\\\/Visita-accesible-alhambra-4.webp\",\"datePublished\":\"2018-01-13T08:38:16+00:00\",\"dateModified\":\"2023-02-09T10:00:27+00:00\",\"description\":\"Presentamos 4 rutas adaptadas para personas con movilidad reducida. Granada una vez m\u00e1s ha demostrado su accesibilidad para todxs \ud83d\ude4c\",\"breadcrumb\":{\"@id\":\"https:\\\/\\\/walkingranada.com\\\/rutas-adaptadas-personas-movilidad-reducida\\\/#breadcrumb\"},\"inLanguage\":\"en-GB\",\"potentialAction\":[{\"@type\":\"ReadAction\",\"target\":[\"https:\\\/\\\/walkingranada.com\\\/rutas-adaptadas-personas-movilidad-reducida\\\/\"]}]},{\"@type\":\"ImageObject\",\"inLanguage\":\"en-GB\",\"@id\":\"https:\\\/\\\/walkingranada.com\\\/rutas-adaptadas-personas-movilidad-reducida\\\/#primaryimage\",\"url\":\"https:\\\/\\\/walkingranada.com\\\/wp-content\\\/uploads\\\/2023\\\/01\\\/Visita-accesible-alhambra-4.webp\",\"contentUrl\":\"https:\\\/\\\/walkingranada.com\\\/wp-content\\\/uploads\\\/2023\\\/01\\\/Visita-accesible-alhambra-4.webp\",\"width\":305,\"height\":305,\"caption\":\"Visita-accesible-alhambra-4\"},{\"@type\":\"BreadcrumbList\",\"@id\":\"https:\\\/\\\/walkingranada.com\\\/rutas-adaptadas-personas-movilidad-reducida\\\/#breadcrumb\",\"itemListElement\":[{\"@type\":\"ListItem\",\"position\":1,\"name\":\"Portada\",\"item\":\"https:\\\/\\\/walkingranada.com\\\/\"},{\"@type\":\"ListItem\",\"position\":2,\"name\":\"Presentamos 4 rutas adaptadas para personas con movilidad reducida\"}]},{\"@type\":\"WebSite\",\"@id\":\"https:\\\/\\\/walkingranada.com\\\/#website\",\"url\":\"https:\\\/\\\/walkingranada.com\\\/\",\"name\":\"Walk in Granada\",\"description\":\"Turismo responsable\",\"publisher\":{\"@id\":\"https:\\\/\\\/walkingranada.com\\\/#organization\"},\"alternateName\":\"Walk in Granada\",\"potentialAction\":[{\"@type\":\"SearchAction\",\"target\":{\"@type\":\"EntryPoint\",\"urlTemplate\":\"https:\\\/\\\/walkingranada.com\\\/?s={search_term_string}\"},\"query-input\":{\"@type\":\"PropertyValueSpecification\",\"valueRequired\":true,\"valueName\":\"search_term_string\"}}],\"inLanguage\":\"en-GB\"},{\"@type\":\"Organization\",\"@id\":\"https:\\\/\\\/walkingranada.com\\\/#organization\",\"name\":\"Walk In Granada\",\"alternateName\":\"Walk In Granada\",\"url\":\"https:\\\/\\\/walkingranada.com\\\/\",\"logo\":{\"@type\":\"ImageObject\",\"inLanguage\":\"en-GB\",\"@id\":\"https:\\\/\\\/walkingranada.com\\\/#\\\/schema\\\/logo\\\/image\\\/\",\"url\":\"https:\\\/\\\/walkingranada.com\\\/wp-content\\\/uploads\\\/2022\\\/12\\\/Logo-Walking.webp\",\"contentUrl\":\"https:\\\/\\\/walkingranada.com\\\/wp-content\\\/uploads\\\/2022\\\/12\\\/Logo-Walking.webp\",\"width\":512,\"height\":512,\"caption\":\"Walk In Granada\"},\"image\":{\"@id\":\"https:\\\/\\\/walkingranada.com\\\/#\\\/schema\\\/logo\\\/image\\\/\"},\"sameAs\":[\"https:\\\/\\\/es-es.facebook.com\\\/walkingranadatour\\\/\",\"https:\\\/\\\/x.com\\\/walkingranada\",\"https:\\\/\\\/www.instagram.com\\\/walkingranada\\\/\"]},{\"@type\":\"Person\",\"@id\":\"https:\\\/\\\/walkingranada.com\\\/#\\\/schema\\\/person\\\/0e703a18132a7470a6994423f7b21921\",\"name\":\"info@walkingranada.com\"}]}<\/script>\n<!-- \/ Yoast SEO plugin. -->","yoast_head_json":{"title":"4 Rutas adaptadas a personas con movilidad reducida","description":"Presentamos 4 rutas adaptadas para personas con movilidad reducida. Granada una vez m\u00e1s ha demostrado su accesibilidad para todxs \ud83d\ude4c","robots":{"index":"index","follow":"follow","max-snippet":"max-snippet:-1","max-image-preview":"max-image-preview:large","max-video-preview":"max-video-preview:-1"},"canonical":"https:\/\/walkingranada.com\/en\/rutas-adaptadas-personas-movilidad-reducida\/","og_locale":"en_GB","og_type":"article","og_title":"4 Rutas adaptadas a personas con movilidad reducida","og_description":"Presentamos 4 rutas adaptadas para personas con movilidad reducida. Granada una vez m\u00e1s ha demostrado su accesibilidad para todxs \ud83d\ude4c","og_url":"https:\/\/walkingranada.com\/en\/rutas-adaptadas-personas-movilidad-reducida\/","og_site_name":"Walk in Granada","article_publisher":"https:\/\/es-es.facebook.com\/walkingranadatour\/","article_published_time":"2018-01-13T08:38:16+00:00","article_modified_time":"2023-02-09T10:00:27+00:00","og_image":[{"width":305,"height":305,"url":"https:\/\/walkingranada.com\/wp-content\/uploads\/2023\/01\/Visita-accesible-alhambra-4.webp","type":"image\/webp"}],"author":"info@walkingranada.com","twitter_card":"summary_large_image","twitter_creator":"@walkingranada","twitter_site":"@walkingranada","twitter_misc":{"Written by":"info@walkingranada.com","Estimated reading time":"3 minutes"},"schema":{"@context":"https:\/\/schema.org","@graph":[{"@type":"Article","@id":"https:\/\/walkingranada.com\/rutas-adaptadas-personas-movilidad-reducida\/#article","isPartOf":{"@id":"https:\/\/walkingranada.com\/rutas-adaptadas-personas-movilidad-reducida\/"},"author":{"name":"info@walkingranada.com","@id":"https:\/\/walkingranada.com\/#\/schema\/person\/0e703a18132a7470a6994423f7b21921"},"headline":"Presentamos 4 rutas adaptadas para personas con movilidad reducida","datePublished":"2018-01-13T08:38:16+00:00","dateModified":"2023-02-09T10:00:27+00:00","mainEntityOfPage":{"@id":"https:\/\/walkingranada.com\/rutas-adaptadas-personas-movilidad-reducida\/"},"wordCount":437,"publisher":{"@id":"https:\/\/walkingranada.com\/#organization"},"image":{"@id":"https:\/\/walkingranada.com\/rutas-adaptadas-personas-movilidad-reducida\/#primaryimage"},"thumbnailUrl":"https:\/\/walkingranada.com\/wp-content\/uploads\/2023\/01\/Visita-accesible-alhambra-4.webp","articleSection":["Blog-espa\u00f1ol"],"inLanguage":"en-GB"},{"@type":"WebPage","@id":"https:\/\/walkingranada.com\/rutas-adaptadas-personas-movilidad-reducida\/","url":"https:\/\/walkingranada.com\/rutas-adaptadas-personas-movilidad-reducida\/","name":"4 Rutas adaptadas a personas con movilidad reducida","isPartOf":{"@id":"https:\/\/walkingranada.com\/#website"},"primaryImageOfPage":{"@id":"https:\/\/walkingranada.com\/rutas-adaptadas-personas-movilidad-reducida\/#primaryimage"},"image":{"@id":"https:\/\/walkingranada.com\/rutas-adaptadas-personas-movilidad-reducida\/#primaryimage"},"thumbnailUrl":"https:\/\/walkingranada.com\/wp-content\/uploads\/2023\/01\/Visita-accesible-alhambra-4.webp","datePublished":"2018-01-13T08:38:16+00:00","dateModified":"2023-02-09T10:00:27+00:00","description":"Presentamos 4 rutas adaptadas para personas con movilidad reducida. Granada una vez m\u00e1s ha demostrado su accesibilidad para todxs \ud83d\ude4c","breadcrumb":{"@id":"https:\/\/walkingranada.com\/rutas-adaptadas-personas-movilidad-reducida\/#breadcrumb"},"inLanguage":"en-GB","potentialAction":[{"@type":"ReadAction","target":["https:\/\/walkingranada.com\/rutas-adaptadas-personas-movilidad-reducida\/"]}]},{"@type":"ImageObject","inLanguage":"en-GB","@id":"https:\/\/walkingranada.com\/rutas-adaptadas-personas-movilidad-reducida\/#primaryimage","url":"https:\/\/walkingranada.com\/wp-content\/uploads\/2023\/01\/Visita-accesible-alhambra-4.webp","contentUrl":"https:\/\/walkingranada.com\/wp-content\/uploads\/2023\/01\/Visita-accesible-alhambra-4.webp","width":305,"height":305,"caption":"Visita-accesible-alhambra-4"},{"@type":"BreadcrumbList","@id":"https:\/\/walkingranada.com\/rutas-adaptadas-personas-movilidad-reducida\/#breadcrumb","itemListElement":[{"@type":"ListItem","position":1,"name":"Portada","item":"https:\/\/walkingranada.com\/"},{"@type":"ListItem","position":2,"name":"Presentamos 4 rutas adaptadas para personas con movilidad reducida"}]},{"@type":"WebSite","@id":"https:\/\/walkingranada.com\/#website","url":"https:\/\/walkingranada.com\/","name":"Walk in Granada","description":"Turismo responsable","publisher":{"@id":"https:\/\/walkingranada.com\/#organization"},"alternateName":"Walk in Granada","potentialAction":[{"@type":"SearchAction","target":{"@type":"EntryPoint","urlTemplate":"https:\/\/walkingranada.com\/?s={search_term_string}"},"query-input":{"@type":"PropertyValueSpecification","valueRequired":true,"valueName":"search_term_string"}}],"inLanguage":"en-GB"},{"@type":"Organization","@id":"https:\/\/walkingranada.com\/#organization","name":"Walk In Granada","alternateName":"Walk In Granada","url":"https:\/\/walkingranada.com\/","logo":{"@type":"ImageObject","inLanguage":"en-GB","@id":"https:\/\/walkingranada.com\/#\/schema\/logo\/image\/","url":"https:\/\/walkingranada.com\/wp-content\/uploads\/2022\/12\/Logo-Walking.webp","contentUrl":"https:\/\/walkingranada.com\/wp-content\/uploads\/2022\/12\/Logo-Walking.webp","width":512,"height":512,"caption":"Walk In Granada"},"image":{"@id":"https:\/\/walkingranada.com\/#\/schema\/logo\/image\/"},"sameAs":["https:\/\/es-es.facebook.com\/walkingranadatour\/","https:\/\/x.com\/walkingranada","https:\/\/www.instagram.com\/walkingranada\/"]},{"@type":"Person","@id":"https:\/\/walkingranada.com\/#\/schema\/person\/0e703a18132a7470a6994423f7b21921","name":"info@walkingranada.com"}]}},"_links":{"self":[{"href":"https:\/\/walkingranada.com\/en\/wp-json\/wp\/v2\/posts\/353","targetHints":{"allow":["GET"]}}],"collection":[{"href":"https:\/\/walkingranada.com\/en\/wp-json\/wp\/v2\/posts"}],"about":[{"href":"https:\/\/walkingranada.com\/en\/wp-json\/wp\/v2\/types\/post"}],"author":[{"embeddable":true,"href":"https:\/\/walkingranada.com\/en\/wp-json\/wp\/v2\/users\/2"}],"replies":[{"embeddable":true,"href":"https:\/\/walkingranada.com\/en\/wp-json\/wp\/v2\/comments?post=353"}],"version-history":[{"count":0,"href":"https:\/\/walkingranada.com\/en\/wp-json\/wp\/v2\/posts\/353\/revisions"}],"wp:featuredmedia":[{"embeddable":true,"href":"https:\/\/walkingranada.com\/en\/wp-json\/wp\/v2\/media\/2507"}],"wp:attachment":[{"href":"https:\/\/walkingranada.com\/en\/wp-json\/wp\/v2\/media?parent=353"}],"wp:term":[{"taxonomy":"category","embeddable":true,"href":"https:\/\/walkingranada.com\/en\/wp-json\/wp\/v2\/categories?post=353"},{"taxonomy":"post_tag","embeddable":true,"href":"https:\/\/walkingranada.com\/en\/wp-json\/wp\/v2\/tags?post=353"}],"curies":[{"name":"wp","href":"https:\/\/api.w.org\/{rel}","templated":true}]}}