{"id":263,"date":"2022-07-12T07:43:25","date_gmt":"2022-07-12T07:43:25","guid":{"rendered":"https:\/\/factum-omibu.es\/walkin\/?p=13397"},"modified":"2023-01-18T16:24:09","modified_gmt":"2023-01-18T16:24:09","slug":"vega-granada-poeta-federico-garcia-lorca","status":"publish","type":"post","link":"https:\/\/walkingranada.com\/en\/vega-granada-poeta-federico-garcia-lorca\/","title":{"rendered":"Discover the Vega of Granada and its poet: Federico Garc\u00eda Lorca - Walk in Granada"},"content":{"rendered":"<p>La Vega de Granada, <b>vientre f\u00e9rtil rodeado de colinas<\/b> que ha alimentado a Granada durante siglos, <b>alfombra verde<\/b> que se extiende a los pies de Sierra Nevada, lugar de nacimiento del gran poeta y arca perenne de sus versos.<\/p>\n<p><b>Verde que te quiero verde, verde viento y verde vega<\/b>. En ella, confluyen naturaleza, historia y poes\u00eda en un paraje \u00fanico. \u00a1Nos vamos de fuga rural para ver que esconden sus veredas!<\/p>\n<h2>Federico Garc\u00eda Lorca: El poeta de la Vega.<\/h2>\n<p>Nos encontramos entre las localidades de Fuente Vaqueros y Valderrubio, pueblos de la Vega donde pasa su infancia el poeta <b>Federico Garc\u00eda Lorca<\/b>. En este paraje ocurre lo que \u00e9l llamar\u00e1 su primer <i>asombro art\u00edstico<\/i>, donde se produce su conexi\u00f3n sensible con la naturaleza, a la que no dejar\u00e1 de cantarle y desde la que crear\u00e1 su pante\u00f3n de s\u00edmbolos:<b> la luna, el caballo, el agua, la tierra, los pozos&#8230;<\/b>Se divisan los parajes, formas y sonidos que dieron forma al mundo on\u00edrico del poeta. Se nos presentan los personajes que desde muy pronto le rodean y le sorprenden: las lavanderas del pueblo, que alrededor del agua cantan, cuchichean y asombran al peque\u00f1o Federico por su facilidad de palabra, a los viajeros ambulantes, tunantes y mercachifles siempre con alg\u00fan truco para el despistado, al gitano andarr\u00edos, que tiene por puente su casa, a la querida ama de casa, susurrante de nanas y cuentecillos populares, en definitiva a todo un abanico de personajes del campo, peque\u00f1os poetas sin conocimiento de serlo, que no ponen puntos en sus rimas, pues muchos no saben escribir, pero saben que sus rimas paran cuando hay que respirar. Esta es la vega que amaba y a veces detestaba Federico, tierra antigua, de contrastes, que retumba en sus obras hasta quedar fijada en nuestra memoria, y <b>que hoy resuena de Cuba a Nueva York<\/b>.<\/p>\n<h2>La Vega: historia viva a pocos minutos de Granada<\/h2>\n<p>Nos vamos olvidando del cemento mientras disfrutamos entre agradables fresnos, remotas alquer\u00edas y humildes fuentecillas. <b>A pocos minutos de la ciudad de la Alhambra, la Vega pide a gritos los versos de Federico<\/b>. Los parajes regados por el r\u00edo Genil, sus acequias milenarias que serpentean por los mismos surcos abiertos por los \u00e1rabes hace diez siglos. Los \u00e1rabes la llamaban, <b><i>Al-fahs<\/i><\/b>, tierra hacia la que se deshac\u00edan en elogios por su fertilidad y verdor que recordamos a trav\u00e9s de los <b>poetas de la Alhambra, como el gran visir Ibn al-Jatib<\/b>, ilustre antecesor de nuestro poeta. Recitar alguno de sus versos se antoja necesario, y as\u00ed poco a poco, adentrarnos en los mundos de Federico; donde <b>los r\u00edos se miden en cuerpos de <\/b><b><i>bueyes de agua<\/i><\/b>, donde<b> los olivos son <\/b><b><i>\u00e1ngeles de largas trenzas con corazones de aceite<\/i><\/b>, donde si escuchamos con atenci\u00f3n los <b>chopos y las chicharras a\u00fan deletrean su nombre: F \u2013 E \u2013 D \u2013 E \u2013 R \u2013 I \u2013 C \u2013 O.<\/b><\/p>\n<p><img decoding=\"async\" loading=\"lazy\" class=\"wp-image-13400 size-full aligncenter\" src=\"https:\/\/walkingranada.com\/wp-content\/uploads\/2022\/07\/vegas-genil.png\" alt=\"imagen de las vegas del genil en Granada\" width=\"667\" height=\"373\" \/><\/p>\n<p>Abrimos las suites y leemos:<b><i> Dulce chopo, Dulce chopo. Te has puesto de oro. Ayer estabas verde, un verde loco de parajes gloriosos.<\/i><\/b><\/p>\n<h2>El drama lorquiano: La casa de Bernarda Alba<\/h2>\n<p>Pero se equivoca el que piense que todo en la Vega es tierna y gr\u00e1cil inocencia infantil, pues la tierra es dura y sus moradores bien lo saben y Lorca, no quit\u00f3 los ojos ni mucho menos, ante la dureza y asfixia que marcaba la tradici\u00f3n de la \u00e9poca, forjando as\u00ed una conciencia tr\u00e1gica que a\u00fan hoy retumba en el eco de sus obras. As\u00ed, dejamos el vivo r\u00edo y el <i> cri-cri<\/i> de las margaritas y bajamos <b>a los pozos del silencio y la sepultura<\/b>. A los pozos de la casa Bernarda Alba. Obra maestra del poeta.<\/p>\n<p><img decoding=\"async\" loading=\"lazy\" class=\"wp-image-13429  aligncenter\" src=\"https:\/\/walkingranada.com\/wp-content\/uploads\/2022\/07\/Casa-de-Bernarda-Alba-scaled.jpg.webp\" alt=\"la casa de Bernarda Alba\" width=\"889\" height=\"1185\" \/><\/p>\n<p>La casa de los Alba, familia vecina de los Lorca, abri\u00f3 sus puertas a las visitas en 2018. Recorremos sus rincones y descubrimos que hay de cierto en esta tr\u00e1gica historia basada (en parte) en hechos reales. Sean realidades del pueblo o ficciones del poeta, el caso es que se nos evoca un <b>panorama familiar asfixiante de autoridad, miedo y envidia<\/b>. Escenario sofocante, ante el que se rebela la sed y fuerza de la juventud, doblegando la jerarqu\u00eda hasta forzar la tragedia&#8230;<\/p>\n<p><b>\u00a1\u00a1Silencio!!, \u00a1\u00a1silencio!!, \u00a1\u00a1silencio!! Nos dice Bernarda desde arriba<\/b>. Bueno, bueno, ya veremos&#8230;<\/p>\n<h2>Un Patrimonio Industrial \u00fanico: La arquitectura del az\u00facar<\/h2>\n<p>La realidad actual tambi\u00e9n tiene mucho de gran drama, y es que solo nos queda un 40% de la Vega original, el resto ha sido devorado por el imparable desarrollo del ladrillo. Hoy, la ciudad<br \/>\nde Granada, se muestra tristemente timorata y escasa de unidad para aclararse sobre c\u00f3mo defender y proteger este patrimonio agrario, hist\u00f3rico y cultural, que nos obligan a no dejar de<br \/>\npensar el territorio que queremos dejar a nuestros hijos.<br \/>\nSu historia nos permite leer el paso de los tiempos y sus diversas adaptaciones a cada \u00e9poca; desde la revolucionaria agricultura andalus\u00ed que marca una \u00e9poca de esplendor, pasando por la<br \/>\n\u00e9poca de predominio de la producci\u00f3n de lino y el c\u00e1\u00f1amo, usado para montar los aparejos de los galeones espa\u00f1oles, hasta llegar al siglo XX con la aparici\u00f3n de la remolacha y el tabaco,<br \/>\nindustrias que han dejado huella visible por todo el territorio. La revoluci\u00f3n de la remolacha (con la extracci\u00f3n del az\u00facar) tiene mucho que ver con la riqueza<br \/>\nde la familia de <strong>Federico Garc\u00eda Lorca<\/strong> y con la forma que hoy toma la ciudad de Granada. Desde aqu\u00ed sale el dinero, que construir\u00e1 la principal avenida de la ciudad, la Gran V\u00eda de Col\u00f3n, o<br \/>\ncomo se la lleg\u00f3 a conocer, la Gran v\u00eda del az\u00facar. Patrimonio industrial, natural y agrario, fundamental para comprender el desarrollo de la ciudad de Granada, para conocer la posici\u00f3n<br \/>\nsocial de los Lorca y para pensar qu\u00e9 debemos hacer con nuestra ciudad hoy.<\/p>\n<p><img decoding=\"async\" loading=\"lazy\" class=\"wp-image-13431 size-full aligncenter\" src=\"https:\/\/walkingranada.com\/wp-content\/uploads\/2022\/07\/Azucarera-del-Genil.-670x433-fuente-labingranada.jpg.webp\" alt=\"fotograf\u00eda de la azucarera del genil\" width=\"670\" height=\"433\" \/><\/p>\n<h2>Diez siglos de asombro: Una ruta de reyes, sultanes y poetas<\/h2>\n<p>La historia deja sus huellas en forma de grandes monumentos (v\u00e9ase la Alhambra) o a veces en forma de peque\u00f1as y preciosas referencias, sobre las que Lorca, como amante de lo peque\u00f1o,<br \/>\nde lo diminuto, nos dej\u00f3 sabias reflexiones. As\u00ed, cada vez que llegu\u00e9is a <strong>Gran\u00e1 por su vega<\/strong>, ya sea en tren o coche, recordad mirar a la<br \/>\nizquierda donde quedan unas peque\u00f1as arboledas de Chopos.<\/p>\n<p>Exactamente, eso mismo llamaba la atenci\u00f3n de Abd Allah ibn Buluggin, como indicaba en sus memorias (una joya literaria: el siglo XI escrito en primera persona) el sult\u00e1n bereber de la Granada hace ahora mil a\u00f1os.<br \/>\nMucho despu\u00e9s, en el siglo XVIII, otros monarcas, decidir\u00e1n hospedarse en la Vega de Granada (y no en la Alhambra, territorio inh\u00f3spito por aquel tiempo). El sitio elegido pertenec\u00eda a la<br \/>\ncorona, el Soto de Roma, villa enorme, (muy cercana de la casa natal de Lorca) para la que se plantaron unos colosales pl\u00e1tanos, hoy ya bicentenarios. Los monarcas eran Felipe V, primer<br \/>\nrey Borb\u00f3n en Espa\u00f1a, y su esposa Isabel de Farnesio. Ambos, decidieron hacer un free tour estilo familia real siglo XVIII donde los gu\u00edas indicaban donde estaban los faisanes, y los reyes<br \/>\ndisparaban. [En nuestros tours no matamos faisanes, pero, s\u00ed acabamos con algunos mitos trasnochados].<br \/>\nEstos chopos y aquellos pl\u00e1tanos, las casas del poeta, esta tierra de r\u00edos y pozos, nos permite estar atentos a las marcas de la historia, sabedores, como Lorca, de que lo peque\u00f1o, tiene un valor inestimable. A veces el mundo entero se encuentra en un grano de arena o tan solo en una palabra, en una expresi\u00f3n, o en un<br \/>\nbonito abanico de colores. \u00a1Qui\u00e9n sabe! \u00a1Estad atentos! abiertos a la belleza, y a nuestro propio<br \/>\nasombro art\u00edstico.<br \/>\nComo dice el gran Kiko Veneno, la <strong>Gran\u00e1 que vivi\u00f3 Lorca<\/strong> era un embudo donde se hab\u00eda colmatado un riqu\u00edsimo cancionero popular, que atravesaba religiones y culturas. Federico magistral y sensible, transformo y digiri\u00f3 esos mundos, para devolv\u00e9rselos al mundo con su magn\u00edfica poes\u00eda.<br \/>\nHoy, los versos y paisajes del poeta, no caben en frase de azucarillo, ni en palo de selfie, (afortunadamente) necesita algo m\u00e1s.<br \/>\nEse algo m\u00e1s nos espera en la Vega de Granada.<\/p>\n<p><img decoding=\"async\" loading=\"lazy\" class=\"wp-image-13432 size-full\" src=\"https:\/\/walkingranada.com\/wp-content\/uploads\/2022\/07\/Grafiti-Nino-de-la-Pinturas-scaled.jpg.webp\" alt=\"grafiti del ni\u00f1o de las pinturas\" width=\"842\" height=\"1500\" \/><\/p>\n<p style=\"text-align: right;\"><span style=\"font-weight: 400;\">Alain Gonz\u00e1lez Abad<\/span><\/p>\n<p><span style=\"font-weight: 400;\">Si deseas reservar una visita guiada sobre Federico Garc\u00eda Lorca y la vega de Granada,<a href=\"https:\/\/www.universolorca.com\/recursos\/walking-granada\/\"> HAZLO AQU\u00cd<\/a>. Y para otras visitas guiadas por Granada puedes contactarnos por<a href=\"mailto:info@walkingranada.com\"> email <\/a><\/span><span style=\"font-weight: 400;\">o visitar nuestra <a href=\"https:\/\/walkingranada.com\">p\u00e1gina web<\/a><\/span><span style=\"font-weight: 400;\">.<\/span><\/p>\n<p>&nbsp;<\/p>\n","protected":false},"excerpt":{"rendered":"<p>La Vega de Granada, vientre f\u00e9rtil rodeado de colinas que ha alimentado a Granada durante siglos, alfombra verde que se extiende a los pies de Sierra Nevada, lugar de nacimiento del gran poeta y arca perenne de sus versos. Verde que te quiero verde, verde viento y verde vega. En ella, confluyen naturaleza, historia y &#8230; <a title=\"Discover the Vega of Granada and its poet: Federico Garc\u00eda Lorca - Walk in Granada\" class=\"read-more\" href=\"https:\/\/walkingranada.com\/en\/vega-granada-poeta-federico-garcia-lorca\/\" aria-label=\"Read more about Descubre la Vega Granada y a su poeta: Federico Garc\u00eda Lorca\">Read more<\/a><\/p>","protected":false},"author":2,"featured_media":267,"comment_status":"closed","ping_status":"open","sticky":false,"template":"","format":"standard","meta":{"footnotes":""},"categories":[5],"tags":[],"class_list":["post-263","post","type-post","status-publish","format-standard","has-post-thumbnail","hentry","category-blog-espanol"],"yoast_head":"<!-- This site is optimized with the Yoast SEO plugin v27.5 - https:\/\/yoast.com\/product\/yoast-seo-wordpress\/ -->\n<title>Descubre la Vega Granada y a su poeta: Federico Garc\u00eda Lorca<\/title>\n<meta name=\"description\" content=\"\u00bfConoces la historia de la Vega de Granada y su relaci\u00f3n con Federico Garc\u00eda Lorca? Entra aqu\u00ed y desc\u00fabrela \ud83d\ude4c\" \/>\n<meta name=\"robots\" content=\"index, follow, max-snippet:-1, max-image-preview:large, max-video-preview:-1\" \/>\n<link rel=\"canonical\" href=\"https:\/\/walkingranada.com\/en\/vega-granada-poeta-federico-garcia-lorca\/\" \/>\n<meta property=\"og:locale\" content=\"en_GB\" \/>\n<meta property=\"og:type\" content=\"article\" \/>\n<meta property=\"og:title\" content=\"Descubre la Vega Granada y a su poeta: Federico Garc\u00eda Lorca\" \/>\n<meta property=\"og:description\" content=\"\u00bfConoces la historia de la Vega de Granada y su relaci\u00f3n con Federico Garc\u00eda Lorca? Entra aqu\u00ed y desc\u00fabrela \ud83d\ude4c\" \/>\n<meta property=\"og:url\" content=\"https:\/\/walkingranada.com\/en\/vega-granada-poeta-federico-garcia-lorca\/\" \/>\n<meta property=\"og:site_name\" content=\"Walk in Granada\" \/>\n<meta property=\"article:publisher\" content=\"https:\/\/es-es.facebook.com\/walkingranadatour\/\" \/>\n<meta property=\"article:published_time\" content=\"2022-07-12T07:43:25+00:00\" \/>\n<meta property=\"article:modified_time\" content=\"2023-01-18T16:24:09+00:00\" \/>\n<meta property=\"og:image\" content=\"https:\/\/walkingranada.com\/wp-content\/uploads\/2022\/07\/federico-garcia-lorca.jpg.webp\" \/>\n\t<meta property=\"og:image:width\" content=\"840\" \/>\n\t<meta property=\"og:image:height\" content=\"666\" \/>\n\t<meta property=\"og:image:type\" content=\"image\/jpeg\" \/>\n<meta name=\"author\" content=\"info@walkingranada.com\" \/>\n<meta name=\"twitter:card\" content=\"summary_large_image\" \/>\n<meta name=\"twitter:creator\" content=\"@walkingranada\" \/>\n<meta name=\"twitter:site\" content=\"@walkingranada\" \/>\n<meta name=\"twitter:label1\" content=\"Written by\" \/>\n\t<meta name=\"twitter:data1\" content=\"info@walkingranada.com\" \/>\n\t<meta name=\"twitter:label2\" content=\"Estimated reading time\" \/>\n\t<meta name=\"twitter:data2\" content=\"8 minutes\" \/>\n<script type=\"application\/ld+json\" class=\"yoast-schema-graph\">{\"@context\":\"https:\\\/\\\/schema.org\",\"@graph\":[{\"@type\":\"Article\",\"@id\":\"https:\\\/\\\/walkingranada.com\\\/vega-granada-poeta-federico-garcia-lorca\\\/#article\",\"isPartOf\":{\"@id\":\"https:\\\/\\\/walkingranada.com\\\/vega-granada-poeta-federico-garcia-lorca\\\/\"},\"author\":{\"name\":\"info@walkingranada.com\",\"@id\":\"https:\\\/\\\/walkingranada.com\\\/#\\\/schema\\\/person\\\/0e703a18132a7470a6994423f7b21921\"},\"headline\":\"Descubre la Vega Granada y a su poeta: Federico Garc\u00eda Lorca\",\"datePublished\":\"2022-07-12T07:43:25+00:00\",\"dateModified\":\"2023-01-18T16:24:09+00:00\",\"mainEntityOfPage\":{\"@id\":\"https:\\\/\\\/walkingranada.com\\\/vega-granada-poeta-federico-garcia-lorca\\\/\"},\"wordCount\":1451,\"publisher\":{\"@id\":\"https:\\\/\\\/walkingranada.com\\\/#organization\"},\"image\":{\"@id\":\"https:\\\/\\\/walkingranada.com\\\/vega-granada-poeta-federico-garcia-lorca\\\/#primaryimage\"},\"thumbnailUrl\":\"https:\\\/\\\/walkingranada.com\\\/wp-content\\\/uploads\\\/2022\\\/07\\\/federico-garcia-lorca.jpg.webp\",\"articleSection\":[\"Blog-espa\u00f1ol\"],\"inLanguage\":\"en-GB\"},{\"@type\":\"WebPage\",\"@id\":\"https:\\\/\\\/walkingranada.com\\\/vega-granada-poeta-federico-garcia-lorca\\\/\",\"url\":\"https:\\\/\\\/walkingranada.com\\\/vega-granada-poeta-federico-garcia-lorca\\\/\",\"name\":\"Descubre la Vega Granada y a su poeta: Federico Garc\u00eda Lorca\",\"isPartOf\":{\"@id\":\"https:\\\/\\\/walkingranada.com\\\/#website\"},\"primaryImageOfPage\":{\"@id\":\"https:\\\/\\\/walkingranada.com\\\/vega-granada-poeta-federico-garcia-lorca\\\/#primaryimage\"},\"image\":{\"@id\":\"https:\\\/\\\/walkingranada.com\\\/vega-granada-poeta-federico-garcia-lorca\\\/#primaryimage\"},\"thumbnailUrl\":\"https:\\\/\\\/walkingranada.com\\\/wp-content\\\/uploads\\\/2022\\\/07\\\/federico-garcia-lorca.jpg.webp\",\"datePublished\":\"2022-07-12T07:43:25+00:00\",\"dateModified\":\"2023-01-18T16:24:09+00:00\",\"description\":\"\u00bfConoces la historia de la Vega de Granada y su relaci\u00f3n con Federico Garc\u00eda Lorca? Entra aqu\u00ed y desc\u00fabrela \ud83d\ude4c\",\"breadcrumb\":{\"@id\":\"https:\\\/\\\/walkingranada.com\\\/vega-granada-poeta-federico-garcia-lorca\\\/#breadcrumb\"},\"inLanguage\":\"en-GB\",\"potentialAction\":[{\"@type\":\"ReadAction\",\"target\":[\"https:\\\/\\\/walkingranada.com\\\/vega-granada-poeta-federico-garcia-lorca\\\/\"]}]},{\"@type\":\"ImageObject\",\"inLanguage\":\"en-GB\",\"@id\":\"https:\\\/\\\/walkingranada.com\\\/vega-granada-poeta-federico-garcia-lorca\\\/#primaryimage\",\"url\":\"https:\\\/\\\/walkingranada.com\\\/wp-content\\\/uploads\\\/2022\\\/07\\\/federico-garcia-lorca.jpg.webp\",\"contentUrl\":\"https:\\\/\\\/walkingranada.com\\\/wp-content\\\/uploads\\\/2022\\\/07\\\/federico-garcia-lorca.jpg.webp\",\"width\":840,\"height\":666,\"caption\":\"federico-garcia-lorca\"},{\"@type\":\"BreadcrumbList\",\"@id\":\"https:\\\/\\\/walkingranada.com\\\/vega-granada-poeta-federico-garcia-lorca\\\/#breadcrumb\",\"itemListElement\":[{\"@type\":\"ListItem\",\"position\":1,\"name\":\"Portada\",\"item\":\"https:\\\/\\\/walkingranada.com\\\/\"},{\"@type\":\"ListItem\",\"position\":2,\"name\":\"Descubre la Vega Granada y a su poeta: Federico Garc\u00eda Lorca\"}]},{\"@type\":\"WebSite\",\"@id\":\"https:\\\/\\\/walkingranada.com\\\/#website\",\"url\":\"https:\\\/\\\/walkingranada.com\\\/\",\"name\":\"Walk in Granada\",\"description\":\"Turismo responsable\",\"publisher\":{\"@id\":\"https:\\\/\\\/walkingranada.com\\\/#organization\"},\"alternateName\":\"Walk in Granada\",\"potentialAction\":[{\"@type\":\"SearchAction\",\"target\":{\"@type\":\"EntryPoint\",\"urlTemplate\":\"https:\\\/\\\/walkingranada.com\\\/?s={search_term_string}\"},\"query-input\":{\"@type\":\"PropertyValueSpecification\",\"valueRequired\":true,\"valueName\":\"search_term_string\"}}],\"inLanguage\":\"en-GB\"},{\"@type\":\"Organization\",\"@id\":\"https:\\\/\\\/walkingranada.com\\\/#organization\",\"name\":\"Walk In Granada\",\"alternateName\":\"Walk In Granada\",\"url\":\"https:\\\/\\\/walkingranada.com\\\/\",\"logo\":{\"@type\":\"ImageObject\",\"inLanguage\":\"en-GB\",\"@id\":\"https:\\\/\\\/walkingranada.com\\\/#\\\/schema\\\/logo\\\/image\\\/\",\"url\":\"https:\\\/\\\/walkingranada.com\\\/wp-content\\\/uploads\\\/2022\\\/12\\\/Logo-Walking.webp\",\"contentUrl\":\"https:\\\/\\\/walkingranada.com\\\/wp-content\\\/uploads\\\/2022\\\/12\\\/Logo-Walking.webp\",\"width\":512,\"height\":512,\"caption\":\"Walk In Granada\"},\"image\":{\"@id\":\"https:\\\/\\\/walkingranada.com\\\/#\\\/schema\\\/logo\\\/image\\\/\"},\"sameAs\":[\"https:\\\/\\\/es-es.facebook.com\\\/walkingranadatour\\\/\",\"https:\\\/\\\/x.com\\\/walkingranada\",\"https:\\\/\\\/www.instagram.com\\\/walkingranada\\\/\"]},{\"@type\":\"Person\",\"@id\":\"https:\\\/\\\/walkingranada.com\\\/#\\\/schema\\\/person\\\/0e703a18132a7470a6994423f7b21921\",\"name\":\"info@walkingranada.com\"}]}<\/script>\n<!-- \/ Yoast SEO plugin. -->","yoast_head_json":{"title":"Discover the Vega of Granada and its poet: Federico Garc\u00eda Lorca - Walk in Granada","description":"\u00bfConoces la historia de la Vega de Granada y su relaci\u00f3n con Federico Garc\u00eda Lorca? Entra aqu\u00ed y desc\u00fabrela \ud83d\ude4c","robots":{"index":"index","follow":"follow","max-snippet":"max-snippet:-1","max-image-preview":"max-image-preview:large","max-video-preview":"max-video-preview:-1"},"canonical":"https:\/\/walkingranada.com\/en\/vega-granada-poeta-federico-garcia-lorca\/","og_locale":"en_GB","og_type":"article","og_title":"Descubre la Vega Granada y a su poeta: Federico Garc\u00eda Lorca","og_description":"\u00bfConoces la historia de la Vega de Granada y su relaci\u00f3n con Federico Garc\u00eda Lorca? Entra aqu\u00ed y desc\u00fabrela \ud83d\ude4c","og_url":"https:\/\/walkingranada.com\/en\/vega-granada-poeta-federico-garcia-lorca\/","og_site_name":"Walk in Granada","article_publisher":"https:\/\/es-es.facebook.com\/walkingranadatour\/","article_published_time":"2022-07-12T07:43:25+00:00","article_modified_time":"2023-01-18T16:24:09+00:00","og_image":[{"width":840,"height":666,"url":"https:\/\/walkingranada.com\/wp-content\/uploads\/2022\/07\/federico-garcia-lorca.jpg.webp","type":"image\/jpeg"}],"author":"info@walkingranada.com","twitter_card":"summary_large_image","twitter_creator":"@walkingranada","twitter_site":"@walkingranada","twitter_misc":{"Written by":"info@walkingranada.com","Estimated reading time":"8 minutes"},"schema":{"@context":"https:\/\/schema.org","@graph":[{"@type":"Article","@id":"https:\/\/walkingranada.com\/vega-granada-poeta-federico-garcia-lorca\/#article","isPartOf":{"@id":"https:\/\/walkingranada.com\/vega-granada-poeta-federico-garcia-lorca\/"},"author":{"name":"info@walkingranada.com","@id":"https:\/\/walkingranada.com\/#\/schema\/person\/0e703a18132a7470a6994423f7b21921"},"headline":"Descubre la Vega Granada y a su poeta: Federico Garc\u00eda Lorca","datePublished":"2022-07-12T07:43:25+00:00","dateModified":"2023-01-18T16:24:09+00:00","mainEntityOfPage":{"@id":"https:\/\/walkingranada.com\/vega-granada-poeta-federico-garcia-lorca\/"},"wordCount":1451,"publisher":{"@id":"https:\/\/walkingranada.com\/#organization"},"image":{"@id":"https:\/\/walkingranada.com\/vega-granada-poeta-federico-garcia-lorca\/#primaryimage"},"thumbnailUrl":"https:\/\/walkingranada.com\/wp-content\/uploads\/2022\/07\/federico-garcia-lorca.jpg.webp","articleSection":["Blog-espa\u00f1ol"],"inLanguage":"en-GB"},{"@type":"WebPage","@id":"https:\/\/walkingranada.com\/vega-granada-poeta-federico-garcia-lorca\/","url":"https:\/\/walkingranada.com\/vega-granada-poeta-federico-garcia-lorca\/","name":"Discover the Vega of Granada and its poet: Federico Garc\u00eda Lorca - Walk in Granada","isPartOf":{"@id":"https:\/\/walkingranada.com\/#website"},"primaryImageOfPage":{"@id":"https:\/\/walkingranada.com\/vega-granada-poeta-federico-garcia-lorca\/#primaryimage"},"image":{"@id":"https:\/\/walkingranada.com\/vega-granada-poeta-federico-garcia-lorca\/#primaryimage"},"thumbnailUrl":"https:\/\/walkingranada.com\/wp-content\/uploads\/2022\/07\/federico-garcia-lorca.jpg.webp","datePublished":"2022-07-12T07:43:25+00:00","dateModified":"2023-01-18T16:24:09+00:00","description":"\u00bfConoces la historia de la Vega de Granada y su relaci\u00f3n con Federico Garc\u00eda Lorca? Entra aqu\u00ed y desc\u00fabrela \ud83d\ude4c","breadcrumb":{"@id":"https:\/\/walkingranada.com\/vega-granada-poeta-federico-garcia-lorca\/#breadcrumb"},"inLanguage":"en-GB","potentialAction":[{"@type":"ReadAction","target":["https:\/\/walkingranada.com\/vega-granada-poeta-federico-garcia-lorca\/"]}]},{"@type":"ImageObject","inLanguage":"en-GB","@id":"https:\/\/walkingranada.com\/vega-granada-poeta-federico-garcia-lorca\/#primaryimage","url":"https:\/\/walkingranada.com\/wp-content\/uploads\/2022\/07\/federico-garcia-lorca.jpg.webp","contentUrl":"https:\/\/walkingranada.com\/wp-content\/uploads\/2022\/07\/federico-garcia-lorca.jpg.webp","width":840,"height":666,"caption":"federico-garcia-lorca"},{"@type":"BreadcrumbList","@id":"https:\/\/walkingranada.com\/vega-granada-poeta-federico-garcia-lorca\/#breadcrumb","itemListElement":[{"@type":"ListItem","position":1,"name":"Portada","item":"https:\/\/walkingranada.com\/"},{"@type":"ListItem","position":2,"name":"Descubre la Vega Granada y a su poeta: Federico Garc\u00eda Lorca"}]},{"@type":"WebSite","@id":"https:\/\/walkingranada.com\/#website","url":"https:\/\/walkingranada.com\/","name":"Walk in Granada","description":"Turismo responsable","publisher":{"@id":"https:\/\/walkingranada.com\/#organization"},"alternateName":"Walk in Granada","potentialAction":[{"@type":"SearchAction","target":{"@type":"EntryPoint","urlTemplate":"https:\/\/walkingranada.com\/?s={search_term_string}"},"query-input":{"@type":"PropertyValueSpecification","valueRequired":true,"valueName":"search_term_string"}}],"inLanguage":"en-GB"},{"@type":"Organization","@id":"https:\/\/walkingranada.com\/#organization","name":"Walk In Granada","alternateName":"Walk In Granada","url":"https:\/\/walkingranada.com\/","logo":{"@type":"ImageObject","inLanguage":"en-GB","@id":"https:\/\/walkingranada.com\/#\/schema\/logo\/image\/","url":"https:\/\/walkingranada.com\/wp-content\/uploads\/2022\/12\/Logo-Walking.webp","contentUrl":"https:\/\/walkingranada.com\/wp-content\/uploads\/2022\/12\/Logo-Walking.webp","width":512,"height":512,"caption":"Walk In Granada"},"image":{"@id":"https:\/\/walkingranada.com\/#\/schema\/logo\/image\/"},"sameAs":["https:\/\/es-es.facebook.com\/walkingranadatour\/","https:\/\/x.com\/walkingranada","https:\/\/www.instagram.com\/walkingranada\/"]},{"@type":"Person","@id":"https:\/\/walkingranada.com\/#\/schema\/person\/0e703a18132a7470a6994423f7b21921","name":"info@walkingranada.com"}]}},"_links":{"self":[{"href":"https:\/\/walkingranada.com\/en\/wp-json\/wp\/v2\/posts\/263","targetHints":{"allow":["GET"]}}],"collection":[{"href":"https:\/\/walkingranada.com\/en\/wp-json\/wp\/v2\/posts"}],"about":[{"href":"https:\/\/walkingranada.com\/en\/wp-json\/wp\/v2\/types\/post"}],"author":[{"embeddable":true,"href":"https:\/\/walkingranada.com\/en\/wp-json\/wp\/v2\/users\/2"}],"replies":[{"embeddable":true,"href":"https:\/\/walkingranada.com\/en\/wp-json\/wp\/v2\/comments?post=263"}],"version-history":[{"count":0,"href":"https:\/\/walkingranada.com\/en\/wp-json\/wp\/v2\/posts\/263\/revisions"}],"wp:featuredmedia":[{"embeddable":true,"href":"https:\/\/walkingranada.com\/en\/wp-json\/wp\/v2\/media\/267"}],"wp:attachment":[{"href":"https:\/\/walkingranada.com\/en\/wp-json\/wp\/v2\/media?parent=263"}],"wp:term":[{"taxonomy":"category","embeddable":true,"href":"https:\/\/walkingranada.com\/en\/wp-json\/wp\/v2\/categories?post=263"},{"taxonomy":"post_tag","embeddable":true,"href":"https:\/\/walkingranada.com\/en\/wp-json\/wp\/v2\/tags?post=263"}],"curies":[{"name":"wp","href":"https:\/\/api.w.org\/{rel}","templated":true}]}}